{"id":85443,"date":"2024-12-17T14:54:00","date_gmt":"2024-12-17T20:54:00","guid":{"rendered":"https:\/\/www.interaccionnoticias.com.mx\/?p=85443"},"modified":"2024-12-17T20:16:55","modified_gmt":"2024-12-18T02:16:55","slug":"cuando-se-tiene-la-conciencia-tranquila-se-camina-derecho","status":"publish","type":"post","link":"https:\/\/www.interaccionnoticias.com.mx\/?p=85443","title":{"rendered":"\u201cCuando se tiene la conciencia tranquila se camina derecho\u201d, dice la gobernadora de Guerrero a los alcaldes jefes polic\u00edacos"},"content":{"rendered":"\n<p><em><strong>&#8212; \u201cLa seguridad no es negociable\u201d, se\u00f1ala en encuentro con presidentes municipales y mandos de las preventivas<\/strong><\/em><\/p>\n\n\n\n<p><strong>Rogelio Agust\u00edn<\/strong><\/p>\n\n\n\n<p>\u201cLa seguridad no es negociable\u201d, sostuvo la gobernadora Evelyn Salgado Pineda en un encuentro con presidentes municipales y jefes de las polic\u00edas preventivas de los 85 municipios, a los que dijo que \u201ccuando se tiene la conciencia tranquila se camina derecho\u201d.<\/p>\n\n\n\n<p>La jefa del Poder Ejecutivo local encabez\u00f3 la Conferencia Estatal de Seguridad P\u00fablica en las instalaciones de la Universidad Policial, en Chilpacingo.<\/p>\n\n\n\n<p>A dicho evento acudieron 52 de 85 alcaldes, aunque s\u00ed la totalidad de los secretarios de Seguridad P\u00fablica Municipal, a los que la mandataria estatal dijo no hay nada m\u00e1s importante que la vida y la integridad de las personas.<\/p>\n\n\n\n<p>Por eso enfatiz\u00f3: \u201cLa seguridad no es negociable, es el derecho que tenemos todos los guerrerenses y los mexicanos, es el eje con el que se constrye la paz y el desarrollo\u201d.<\/p>\n\n\n\n<p>Continu\u00f3: \u201cLa seguridad no es solo una meta, es una condicion imprescindible para garantizar la paz y el desarrollo\u201d<\/p>\n\n\n\n<p>Sostuvo que Gobierno de Guerrero y autoridades municipales deben estar listos para tomar decisiones y actuar con determinaci\u00f3n y firmeza, \u201cporque los ni\u00f1os, jovenes, hombres y mujeres tienen de recho a vivir sin miedo\u201d.<\/p>\n\n\n\n<p>Bajo dicha premisa, refiri\u00f3 que se debe trabajar con base en la coordinaci\u00f3n entre los tres niveles de gobierno, bajo la certeza de que en dicho tema no deben exitir diferencias marcadas por los colores ni las ideolog\u00edas partidistas.<\/p>\n\n\n\n<p>Por eso lanz\u00f3 el exhorto a presidentes municipales, jefes polic\u00edacos y ciudadanos: \u201cDebemos dejar de lado los intereses personales, y particulares, pues el inter\u00e9s com\u00fan es superior\u201d.<\/p>\n\n\n\n<p>La sesi\u00f3n que este martes sostuvo la Conferencia Estatal de Seguridad P\u00fablica, dijo que es consecuencia de la voluntad que los tres niveles de gobierno tienen para trabajar de manera coordinada.<\/p>\n\n\n\n<p>Indic\u00f3 que donde hay seguridad hay justicia para la poblaci\u00f3n, donde hay justicia hay oportunidades para el desarrollo y el bienestar.<\/p>\n\n\n\n<p>La meta com\u00fan, insisti\u00f3 que debe ser la construcci\u00f3n de una paz duradera.<\/p>\n\n\n\n<p>Record\u00f3 que ella acude a las sesiones de la Mesa para la Construcci\u00f3n de la Paz, mismas que de ninguna manera se pueden considerar como una p\u00e9rdida de tiempo, ya que ah\u00ed se re\u00fanen todas las instituciones de seguridad para delinear estrategias, las cuales se llevan a cabo en el transcurso del d\u00eda.<\/p>\n\n\n\n<p>La gobernadora dijo a los alcaldes y jefes de las polic\u00edas locales que en materia de seguridad no hay tregua ni descanso, pues el trabajo en las mesas de coordinaci\u00f3n ofrece resultados.<\/p>\n\n\n\n<p>Cerr\u00f3: \u201cCuando se tiene la conciencia limpia se camina derecho, nuesto comprmiso es con el pueblo, con nadie m\u00e1s, por eso vamos a darle con todo, con valent\u00eda fuerza y determinci\u00f3n\u201d.<\/p>\n\n\n\n<p>La gobernadora, dijo que no est\u00e1 en el \u00e1nimo de iniciar guerras contra la delincuencia, m\u00e1s bien, lo que trata es de construir la paz.<\/p>\n\n\n\n<p>Pidi\u00f3 a los responsables de seguridad p\u00fablica municipales y sus jefes de cabildo, alejar a los ni\u00f1os y adolescentes de las garras de todo lo que implica actividaees fuera del marco legal, para que Guerrero ya no cargue con el estigma de ser un estado bronco.<\/p>\n\n\n\n<p>En el evento, el titular de la SSP estatal, Josu\u00e9 Barr\u00f3n Sevilla llam\u00f3 a sus similares en los municipios a ponderar la coodinaci\u00f3n, para actuar cada vez con m\u00e1s eficacia.<\/p>\n\n\n\n<p>Pidi\u00f3 trabajar de manera constante en la difusi\u00f3n de la denuncia ciudadana y la participaci\u00f3n comunitaria, para hacer frente a los delitos de alto impacto.<\/p>\n\n\n\n<p>El director General de Mesas de Paz en el pa\u00eds,<\/p>\n\n\n\n<p>Santiago Segui Amorteguim hizo un llamado a los presidentes municipales a tomar parte de las mesas de coordinaci\u00f3n, ya que sin ning\u00fan tipo de pretexto, la presidenta de la Rep\u00fablica est\u00e1 presente en ese tipo de reuniones.<\/p>\n\n\n\n<p>Indic\u00f3: \u201cSi la presidenta puede estar, si la gobernadora puede estar, pues creo que todos los presidentes municipales pueden\u201d.<\/p>\n","protected":false},"excerpt":{"rendered":"<p>&#8212; \u201cLa seguridad no es negociable\u201d, se\u00f1ala en encuentro con presidentes municipales y mandos de las preventivas Rogelio Agust\u00edn \u201cLa seguridad no es negociable\u201d, sostuvo la gobernadora Evelyn Salgado Pineda&hellip; <\/p>\n","protected":false},"author":21,"featured_media":85441,"comment_status":"open","ping_status":"open","sticky":false,"template":"","format":"standard","meta":{"fifu_image_url":"","fifu_image_alt":"","footnotes":""},"categories":[11],"tags":[],"class_list":["post-85443","post","type-post","status-publish","format-standard","has-post-thumbnail","hentry","category-guerrero"],"_links":{"self":[{"href":"https:\/\/www.interaccionnoticias.com.mx\/index.php?rest_route=\/wp\/v2\/posts\/85443","targetHints":{"allow":["GET"]}}],"collection":[{"href":"https:\/\/www.interaccionnoticias.com.mx\/index.php?rest_route=\/wp\/v2\/posts"}],"about":[{"href":"https:\/\/www.interaccionnoticias.com.mx\/index.php?rest_route=\/wp\/v2\/types\/post"}],"author":[{"embeddable":true,"href":"https:\/\/www.interaccionnoticias.com.mx\/index.php?rest_route=\/wp\/v2\/users\/21"}],"replies":[{"embeddable":true,"href":"https:\/\/www.interaccionnoticias.com.mx\/index.php?rest_route=%2Fwp%2Fv2%2Fcomments&post=85443"}],"version-history":[{"count":2,"href":"https:\/\/www.interaccionnoticias.com.mx\/index.php?rest_route=\/wp\/v2\/posts\/85443\/revisions"}],"predecessor-version":[{"id":85446,"href":"https:\/\/www.interaccionnoticias.com.mx\/index.php?rest_route=\/wp\/v2\/posts\/85443\/revisions\/85446"}],"wp:featuredmedia":[{"embeddable":true,"href":"https:\/\/www.interaccionnoticias.com.mx\/index.php?rest_route=\/wp\/v2\/media\/85441"}],"wp:attachment":[{"href":"https:\/\/www.interaccionnoticias.com.mx\/index.php?rest_route=%2Fwp%2Fv2%2Fmedia&parent=85443"}],"wp:term":[{"taxonomy":"category","embeddable":true,"href":"https:\/\/www.interaccionnoticias.com.mx\/index.php?rest_route=%2Fwp%2Fv2%2Fcategories&post=85443"},{"taxonomy":"post_tag","embeddable":true,"href":"https:\/\/www.interaccionnoticias.com.mx\/index.php?rest_route=%2Fwp%2Fv2%2Ftags&post=85443"}],"curies":[{"name":"wp","href":"https:\/\/api.w.org\/{rel}","templated":true}]}}