{"id":85424,"date":"2024-12-17T10:36:51","date_gmt":"2024-12-17T16:36:51","guid":{"rendered":"https:\/\/www.interaccionnoticias.com.mx\/?p=85424"},"modified":"2024-12-17T10:38:23","modified_gmt":"2024-12-17T16:38:23","slug":"maremagnum-181","status":"publish","type":"post","link":"https:\/\/www.interaccionnoticias.com.mx\/?p=85424","title":{"rendered":"El Velero-Escuela Cuauht\u00e9moc, patrimonio de M\u00e9xico y Acapulco"},"content":{"rendered":"\n<p><strong>MAREM\u00c1GNUM 181<\/strong><\/p>\n\n\n\n<p><strong>Por Ricardo Castillo Barrientos<\/strong><\/p>\n\n\n\n<p>\u201cEn memoria a mi se\u00f1ora madre, Aurora F. Barrientos Vinalay, en el 102 aniversario de su natalicio y 10\u00ba. aniversario de su fallecimiento\u201d. \u00a1Dios la guarde en la eternidad!<\/p>\n\n\n\n<p>Como todos los a\u00f1os, el Velero-Escuela \u201cCuauht\u00e9moc\u201d fondea en el muelle de la zona naval del puerto, donde los j\u00f3venes marinos son esperados ansiosamente por familiares y amistades, en un ambiente de algarab\u00eda y felicidad.<\/p>\n\n\n\n<p>\u201cEl Caballeros de los Mares\u201d, como tambi\u00e9n se le conoce al famoso buque-escuela lleg\u00f3 a la base naval el d\u00eda s\u00e1bado 14, despu\u00e9s de un largo \u201cViaje de Instrucci\u00f3n Tricontinental 2024\u201d, por Estados Unidos de Am\u00e9rica, Jap\u00f3n, Corea del Sur, Singapur, Filipinas, Indonesia, Australia, Nueva Zelanda y Tahit\u00ed, con la entusiasta participaci\u00f3n de 259 tripulantes, 8 capitanes, 47 oficiales, 2 invitados de escuelas n\u00e1uticas mercantes e invitados de las Armadas de Albania, Brasil, Guatemala y Rep\u00fablica Dominicana, as\u00ed como 96 cadetes y 114 clases y mariner\u00eda, de los cuales, por primera vez 50 fueron elementos femeninos.<\/p>\n\n\n\n<p>En total se navegaron 25 mil millas n\u00e1uticas en 165 singladuras, todo el personal concluy\u00f3 el Curso de Navegaci\u00f3n a Vela y Maniobra en Buque de Vela, despu\u00e9s de zarpar el 5 de mayo, en el 44 viaje de instrucci\u00f3n, navegando durante siete meses por 12 puertos y nueve pa\u00edses, surcando mares de Am\u00e9rica, Asia y Ocean\u00eda.<\/p>\n\n\n\n<p>El recibimiento del emotivo arribo de la mariner\u00eda mexicana, estuvo a cargo del secretario de Marina, almirante Raymundo Pedro Morales \u00c1ngeles y la gobernadora Evelyn Salgado Pineda, acompa\u00f1ados por personal naval, militar y civil.<\/p>\n\n\n\n<p>Este viaje de pr\u00e1cticas navales se ha convertido en una tradici\u00f3n de la Heroica Escuela Naval Militar (HENM) desde 1982, con estudio de materias como cinem\u00e1tica naval. astronom\u00eda n\u00e1utica, derecho mar\u00edtimo nacional e internacional, comunicaciones navales y administraci\u00f3n del mantenimiento, adem\u00e1s de seminarios y pr\u00e1cticas de navegaci\u00f3n, estas asignaturas forman parte de la formaci\u00f3n profesional de los Cadetes Navales.<\/p>\n\n\n\n<p>El puerto de Acapulco se ha convertido en el hogar principal del Velero \u201cCuauht\u00e9moc\u201d, como alguna vez lo fue el buque presidencial \u201cSotavento\u201d, fondeado en el malec\u00f3n de la ciudad, al paso de a\u00f1os hasta quedar obsoleto.<\/p>\n\n\n\n<p>En Acapulco arribaron navegantes exploradores como Andr\u00e9s de Urdaneta y Sebasti\u00e1n Vizca\u00edno y reconocieron la posici\u00f3n estrat\u00e9gica del puerto en el Pac\u00edfico y el posterior arribo de naves como el Gale\u00f3n de Manila.<\/p>\n\n\n\n<p>Sea la ocasi\u00f3n para recordar al teniente Jos\u00e9 Azueta, quien realiz\u00f3 la valerosa defensa del puerto de Veracruz, durante la intervenci\u00f3n norteamericana en 1914, aunque naci\u00f3 en ese puerto, su familia tiene ra\u00edces en Acapulco.<\/p>\n\n\n\n<p>Asimismo, el almirante Alfonso Argud\u00edn Alcaraz, acapulque\u00f1o nato, fue una figura destacada en la historia naval de M\u00e9xico, reconocido por su liderazgo y contribuciones al desarrollo de la Armada de M\u00e9xico, como oficial comprometido con la defensa y modernizaci\u00f3n de las fuerzas amadas del pa\u00eds.<\/p>\n\n\n\n<p>El almirante Argud\u00edn Alcaraz, fue presidente municipal de Acapulco durante el periodo 1984-1986, a \u00e9l se debe la ampliaci\u00f3n de la parte c\u00e9ntrica de la avenida Cuauht\u00e9moc.<\/p>\n\n\n\n<p><strong>Marea Baja.-<\/strong> Despu\u00e9s de un a\u00f1o de permanecer en las instalaciones de la Unidad Deportiva del CREA, los \u201cServidores de la Naci\u00f3n\u201d, abandonaron intempestivamente el campamento que hab\u00edan instalado, en apoyo de los damnificados de los huracanes <em>Otis y John<\/em>, dejando en estado lamentable ese centro deportivo.<\/p>\n\n\n\n<p>La Secretar\u00eda del Bienestar y el Gobierno del Estado se est\u00e1n abocando a la rehabilitaci\u00f3n del centro recreativo para dejarlo en optimas condiciones y continue siendo la principal Unidad Deportiva de la capital del estado.<\/p>\n\n\n\n<p><strong>Marea Alta.-<\/strong> Por fin qued\u00f3 despejada la avenida Ruffo Figueroa en Chilpancingo, al ser retiradas las barreras que imped\u00edan la libre circulaci\u00f3n de esa importante arteria vial.<\/p>\n\n\n\n<p>Mientras tanto, contin\u00faan los trabajos de obras de embellecimiento del camell\u00f3n y de la Glorieta Pleaseant Hill, enfrente del hospital del ISSSTE, a cargo del gobierno del estado, en breve, lucir\u00e1 m\u00e1s bella que nunca para el disfrute de los capitalinos.<\/p>\n\n\n\n<p><strong>Marea Alta.-<\/strong> Contin\u00faan los preparativos de la tradicional <strong>Feria de Navidad y A\u00f1o Nuevo<\/strong>, en la ciudad de Chilpancingo. El fin de semana se llev\u00f3 a cabo la presentaci\u00f3n de las candidatas a la Flor de Noche Buena de los barrios de San Mateo, San Antonio, San Francisco, Tequicorral y Santa Cruz, resultando electa la representante de este barrio.<\/p>\n\n\n\n<p>El pr\u00f3ximo domingo 22, se llevar\u00e1 a cabo el <strong>199 Paseo del Pend\u00f3n<\/strong>, con decenas de danzas y bailables de varias regiones de la entidad, acompa\u00f1ados de la m\u00fasica de chile frito, durante un intenso recorrido por las principales calles, partiendo del barrio de San Mateo hasta las instalaciones de la Feria en la colonia Los \u00c1ngeles, con la presencia de miles de familias que acuden a disfrutar este maravilloso espect\u00e1culo, donde las cervezas y el mezcal corren a raudales. \u00a1Salud! &nbsp;<\/p>\n","protected":false},"excerpt":{"rendered":"<p>MAREM\u00c1GNUM 181 Por Ricardo Castillo Barrientos \u201cEn memoria a mi se\u00f1ora madre, Aurora F. Barrientos Vinalay, en el 102 aniversario de su natalicio y 10\u00ba. aniversario de su fallecimiento\u201d. \u00a1Dios&hellip; <\/p>\n","protected":false},"author":19,"featured_media":71218,"comment_status":"open","ping_status":"open","sticky":false,"template":"","format":"standard","meta":{"fifu_image_url":"","fifu_image_alt":"","footnotes":""},"categories":[16],"tags":[],"class_list":["post-85424","post","type-post","status-publish","format-standard","has-post-thumbnail","hentry","category-opinion"],"_links":{"self":[{"href":"https:\/\/www.interaccionnoticias.com.mx\/index.php?rest_route=\/wp\/v2\/posts\/85424","targetHints":{"allow":["GET"]}}],"collection":[{"href":"https:\/\/www.interaccionnoticias.com.mx\/index.php?rest_route=\/wp\/v2\/posts"}],"about":[{"href":"https:\/\/www.interaccionnoticias.com.mx\/index.php?rest_route=\/wp\/v2\/types\/post"}],"author":[{"embeddable":true,"href":"https:\/\/www.interaccionnoticias.com.mx\/index.php?rest_route=\/wp\/v2\/users\/19"}],"replies":[{"embeddable":true,"href":"https:\/\/www.interaccionnoticias.com.mx\/index.php?rest_route=%2Fwp%2Fv2%2Fcomments&post=85424"}],"version-history":[{"count":2,"href":"https:\/\/www.interaccionnoticias.com.mx\/index.php?rest_route=\/wp\/v2\/posts\/85424\/revisions"}],"predecessor-version":[{"id":85426,"href":"https:\/\/www.interaccionnoticias.com.mx\/index.php?rest_route=\/wp\/v2\/posts\/85424\/revisions\/85426"}],"wp:featuredmedia":[{"embeddable":true,"href":"https:\/\/www.interaccionnoticias.com.mx\/index.php?rest_route=\/wp\/v2\/media\/71218"}],"wp:attachment":[{"href":"https:\/\/www.interaccionnoticias.com.mx\/index.php?rest_route=%2Fwp%2Fv2%2Fmedia&parent=85424"}],"wp:term":[{"taxonomy":"category","embeddable":true,"href":"https:\/\/www.interaccionnoticias.com.mx\/index.php?rest_route=%2Fwp%2Fv2%2Fcategories&post=85424"},{"taxonomy":"post_tag","embeddable":true,"href":"https:\/\/www.interaccionnoticias.com.mx\/index.php?rest_route=%2Fwp%2Fv2%2Ftags&post=85424"}],"curies":[{"name":"wp","href":"https:\/\/api.w.org\/{rel}","templated":true}]}}