{"id":85408,"date":"2024-12-16T17:42:00","date_gmt":"2024-12-16T23:42:00","guid":{"rendered":"https:\/\/www.interaccionnoticias.com.mx\/?p=85408"},"modified":"2024-12-16T23:55:24","modified_gmt":"2024-12-17T05:55:24","slug":"productores-de-iguala-temen-que-si-el-gobierno-no-les-compra-su-maiz-se-pudra","status":"publish","type":"post","link":"https:\/\/www.interaccionnoticias.com.mx\/?p=85408","title":{"rendered":"Productores de Iguala temen que si el gobierno no les compra su ma\u00edz se \u00abpudra\u00bb"},"content":{"rendered":"\n<p><em><strong>&#8211;Aseguran que son unas 20 mil toneladas de ma\u00edz las que se podr\u00edan echar a perder si no logran venderlas<\/strong><\/em><\/p>\n\n\n\n<p><strong>Rosario Garc\u00eda Orozco<\/strong><\/p>\n\n\n\n<p>Productores agr\u00edcolas de Iguala aseguran que si el gobierno del estado no les ayuda a vender su producci\u00f3n de maiz, \u00e9ste podr\u00eda echarse a perder, y los campesinos no recuperar\u00eda lo que invirtieron en sembrar.<\/p>\n\n\n\n<p>Jorge Gardu\u00f1o Cabrera, dirigente de productores de ma\u00edz en Iguala, municipio de la Zona Norte de Guerrero, asegur\u00f3 que hay temor entre los productores de ese municipio de que se \u00abpudra\u00bb el maiz que produjeron, que son unas 20 mil toneladas, porque no encuentran donde venderlo.<\/p>\n\n\n\n<p>Explic\u00f3 que la zona Norte de Guerrero fue la \u00fanica regi\u00f3n de Guerrero que no fue afectada por el Hurac\u00e1n John, por lo que tuvieron una buena producci\u00f3n, sin embargo no han encontrado la forma de vender su grano y podr\u00eda echarse a perder.<\/p>\n\n\n\n<p>Dijo que no tiene caso que ese municipio tenga buena tierra y buena producci\u00f3n si no lo pueden vender, por lo que insisti\u00f3 en su petici\u00f3n al gobierno del estado para que los ayude en la comercializaci\u00f3n, \u00abhay muy buena producci\u00f3n de granos en la zona Norte, porque esa regi\u00f3n no fue afectada por el hurac\u00e1n John, pero el problema es la venta del producto, porque Segalmex a\u00fan no apertura los centros de acopio, entonces los agricultores quieren ya vender, porque deben sus agroqu\u00edmicos y por eso le pedimos al gobierno del estado que nos ayude a colocar el maiz\u00bb.<\/p>\n\n\n\n<p>Hay un programa piloto en Santa Teresa, municipio de Iguala, donde el a\u00f1o pasado el gobierno del estado les compr\u00f3 todo el maiz, \u00abpor eso nosotros les pedimos que nos considere a Iguala y sus 16 comunidades, para la compra de maiz\u00bb.<\/p>\n\n\n\n<p>Gardu\u00f1o Cabrera insisti\u00f3 en que este a\u00f1o \u00abfue bueno para la producci\u00f3n, tuvimos 4 o 5 toneladas de rendimiento por hect\u00e1rea, aunque hay tierras mucho m\u00e1s productivas\u00bb.<\/p>\n\n\n\n<p>Calcul\u00f3 que en Iguala se producen unas 20 mil toneladas de ma\u00edz, por eso reiter\u00f3 su llamado a las autoridades estatales y al gobierno federal para que consideren esa producci\u00f3n para que se venda en las comunidades de los municipios donde sufrieron afectaciones severas en sus siembras de ma\u00edz por el fen\u00f3meno hidrometeor\u00f3logico, \u00abque esa producci\u00f3n que hay en Iguala sea comprada y la env\u00eden a donde haga falta\u00bb.<\/p>\n\n\n\n<p>Lament\u00f3 que en Iguala, se carezca de silos para almacenar los granos y ante las inclemencias del tiempo podr\u00eda echarse a perder su producci\u00f3n si no se vende luego, \u00abpor eso urge venderlo, porque adem\u00e1s los costos de producci\u00f3n son elevados, entre 30 y 35 mil pesos por hect\u00e1rea y no pueden perder tanto dinero los productores\u00bb, por lo que se debe vender en unos 7 mil pesos la tonelada de maiz.<\/p>\n\n\n\n<p>Agreg\u00f3 que no cuentan con alg\u00fan contrato con los industriales de la masa y la tortilla de otros municipios para venderles a ellos el maiz, por lo que los molineros lo siguen comprando a Sinaloa.<\/p>\n","protected":false},"excerpt":{"rendered":"<p>&#8211;Aseguran que son unas 20 mil toneladas de ma\u00edz las que se podr\u00edan echar a perder si no logran venderlas Rosario Garc\u00eda Orozco Productores agr\u00edcolas de Iguala aseguran que si&hellip; <\/p>\n","protected":false},"author":14,"featured_media":85409,"comment_status":"open","ping_status":"open","sticky":false,"template":"","format":"standard","meta":{"fifu_image_url":"","fifu_image_alt":"","footnotes":""},"categories":[11],"tags":[],"class_list":["post-85408","post","type-post","status-publish","format-standard","has-post-thumbnail","hentry","category-guerrero"],"_links":{"self":[{"href":"https:\/\/www.interaccionnoticias.com.mx\/index.php?rest_route=\/wp\/v2\/posts\/85408","targetHints":{"allow":["GET"]}}],"collection":[{"href":"https:\/\/www.interaccionnoticias.com.mx\/index.php?rest_route=\/wp\/v2\/posts"}],"about":[{"href":"https:\/\/www.interaccionnoticias.com.mx\/index.php?rest_route=\/wp\/v2\/types\/post"}],"author":[{"embeddable":true,"href":"https:\/\/www.interaccionnoticias.com.mx\/index.php?rest_route=\/wp\/v2\/users\/14"}],"replies":[{"embeddable":true,"href":"https:\/\/www.interaccionnoticias.com.mx\/index.php?rest_route=%2Fwp%2Fv2%2Fcomments&post=85408"}],"version-history":[{"count":1,"href":"https:\/\/www.interaccionnoticias.com.mx\/index.php?rest_route=\/wp\/v2\/posts\/85408\/revisions"}],"predecessor-version":[{"id":85410,"href":"https:\/\/www.interaccionnoticias.com.mx\/index.php?rest_route=\/wp\/v2\/posts\/85408\/revisions\/85410"}],"wp:featuredmedia":[{"embeddable":true,"href":"https:\/\/www.interaccionnoticias.com.mx\/index.php?rest_route=\/wp\/v2\/media\/85409"}],"wp:attachment":[{"href":"https:\/\/www.interaccionnoticias.com.mx\/index.php?rest_route=%2Fwp%2Fv2%2Fmedia&parent=85408"}],"wp:term":[{"taxonomy":"category","embeddable":true,"href":"https:\/\/www.interaccionnoticias.com.mx\/index.php?rest_route=%2Fwp%2Fv2%2Fcategories&post=85408"},{"taxonomy":"post_tag","embeddable":true,"href":"https:\/\/www.interaccionnoticias.com.mx\/index.php?rest_route=%2Fwp%2Fv2%2Ftags&post=85408"}],"curies":[{"name":"wp","href":"https:\/\/api.w.org\/{rel}","templated":true}]}}