{"id":85130,"date":"2024-12-08T20:04:00","date_gmt":"2024-12-09T02:04:00","guid":{"rendered":"https:\/\/www.interaccionnoticias.com.mx\/?p=85130"},"modified":"2024-12-08T20:35:53","modified_gmt":"2024-12-09T02:35:53","slug":"recorre-la-titular-de-la-cnpc-la-mina-de-cocula-tras-la-muerte-de-tres-trabajadores","status":"publish","type":"post","link":"https:\/\/www.interaccionnoticias.com.mx\/?p=85130","title":{"rendered":"Recorre la titular de la CNPC la mina de Cocula tras la muerte de tres trabajadores"},"content":{"rendered":"\n<p><em><strong>&#8212; Esta acci\u00f3n se realizan por instrucci\u00f3n de la presidenta de M\u00e9xico, Claudia Sheinbaum Pardo \u00abpara brindar apoyo y respaldo a las familias de los trabajadores\u00bb<\/strong><\/em><\/p>\n\n\n\n<p><strong>Yasm\u00edn Garc\u00eda<\/strong><\/p>\n\n\n\n<p>La titular de la Coordinadora Nacional de Protecci\u00f3n Ciudadana, Laura Vel\u00e1zquez Alz\u00faa realiz\u00f3 un recorrido en la mina El Lim\u00f3n-Guajes, ubicada en Cocula, despu\u00e9s de que tres trabajadores fallecieron y uno m\u00e1s result\u00f3 se encuentra en recuperaci\u00f3n.<\/p>\n\n\n\n<p>Este jueves dos trabajadores y un contratista de la empresa Media Luna murieron por intoxicaci\u00f3n despu\u00e9s de inhalar gas de mon\u00f3xido de carbono, de acuerdo a la empresa canadiense Torex Gold Resources.<\/p>\n\n\n\n<p>Este s\u00e1bado mediante un comunicado la CNPC dio a conocer la visita de la titular a la mina subterr\u00e1nea ubicada en Cocula, \u00abcon el objetivo de refrendar el compromiso de acompa\u00f1amiento con las familias afectadas por el reciente incidente, as\u00ed como con el trabajador que se encuentra en recuperaci\u00f3n\u00bb.<\/p>\n\n\n\n<p>Laura Vel\u00e1zquez recorri\u00f3 la mina acompa\u00f1ada del vicepresidente de Torex Gold en M\u00e9xico, Faysal Rodr\u00edguez Valenzuela.<\/p>\n\n\n\n<p>Durante la visita, la Misi\u00f3n de Enlace y Coordinaci\u00f3n (ECO), liderada por la coordinadora nacional, registr\u00f3 las condiciones de los protocolos de Protecci\u00f3n Civil implementados en la mina.<\/p>\n\n\n\n<p>El bolet\u00edn se\u00f1ala que estas acciones se realizan por instrucci\u00f3n de la presidenta de M\u00e9xico, Claudia Sheinbaum Pardo para brindar apoyo y respaldo a las familias de los trabajadores.<\/p>\n","protected":false},"excerpt":{"rendered":"<p>&#8212; Esta acci\u00f3n se realizan por instrucci\u00f3n de la presidenta de M\u00e9xico, Claudia Sheinbaum Pardo \u00abpara brindar apoyo y respaldo a las familias de los trabajadores\u00bb Yasm\u00edn Garc\u00eda La titular&hellip; <\/p>\n","protected":false},"author":32,"featured_media":85131,"comment_status":"open","ping_status":"open","sticky":false,"template":"","format":"standard","meta":{"fifu_image_url":"","fifu_image_alt":"","footnotes":""},"categories":[11],"tags":[],"class_list":["post-85130","post","type-post","status-publish","format-standard","has-post-thumbnail","hentry","category-guerrero"],"_links":{"self":[{"href":"https:\/\/www.interaccionnoticias.com.mx\/index.php?rest_route=\/wp\/v2\/posts\/85130","targetHints":{"allow":["GET"]}}],"collection":[{"href":"https:\/\/www.interaccionnoticias.com.mx\/index.php?rest_route=\/wp\/v2\/posts"}],"about":[{"href":"https:\/\/www.interaccionnoticias.com.mx\/index.php?rest_route=\/wp\/v2\/types\/post"}],"author":[{"embeddable":true,"href":"https:\/\/www.interaccionnoticias.com.mx\/index.php?rest_route=\/wp\/v2\/users\/32"}],"replies":[{"embeddable":true,"href":"https:\/\/www.interaccionnoticias.com.mx\/index.php?rest_route=%2Fwp%2Fv2%2Fcomments&post=85130"}],"version-history":[{"count":1,"href":"https:\/\/www.interaccionnoticias.com.mx\/index.php?rest_route=\/wp\/v2\/posts\/85130\/revisions"}],"predecessor-version":[{"id":85132,"href":"https:\/\/www.interaccionnoticias.com.mx\/index.php?rest_route=\/wp\/v2\/posts\/85130\/revisions\/85132"}],"wp:featuredmedia":[{"embeddable":true,"href":"https:\/\/www.interaccionnoticias.com.mx\/index.php?rest_route=\/wp\/v2\/media\/85131"}],"wp:attachment":[{"href":"https:\/\/www.interaccionnoticias.com.mx\/index.php?rest_route=%2Fwp%2Fv2%2Fmedia&parent=85130"}],"wp:term":[{"taxonomy":"category","embeddable":true,"href":"https:\/\/www.interaccionnoticias.com.mx\/index.php?rest_route=%2Fwp%2Fv2%2Fcategories&post=85130"},{"taxonomy":"post_tag","embeddable":true,"href":"https:\/\/www.interaccionnoticias.com.mx\/index.php?rest_route=%2Fwp%2Fv2%2Ftags&post=85130"}],"curies":[{"name":"wp","href":"https:\/\/api.w.org\/{rel}","templated":true}]}}