{"id":85127,"date":"2024-12-08T19:49:00","date_gmt":"2024-12-09T01:49:00","guid":{"rendered":"https:\/\/www.interaccionnoticias.com.mx\/?p=85127"},"modified":"2024-12-08T20:28:16","modified_gmt":"2024-12-09T02:28:16","slug":"sindicato-de-mineros-acusa-a-torex-gold-de-negligencia-omision-e-irresponsabilidad","status":"publish","type":"post","link":"https:\/\/www.interaccionnoticias.com.mx\/?p=85127","title":{"rendered":"Sindicato de Mineros acusa a Torex Gold de negligencia, omisi\u00f3n e irresponsabilidad"},"content":{"rendered":"\n<p><strong><em>&#8212; Roberto Hern\u00e1ndez Mojica, de la secci\u00f3n 17 del Sindicato Nacional de Trabajadores Mineros de M\u00e9xico sostiene que la trasnacional se neg\u00f3 a otorgar medidas de seguridad e higiene a los trabajadores<\/em><\/strong><\/p>\n\n\n\n<p><strong>Alejandro G\u00f3mez Sotelo.<\/strong><\/p>\n\n\n\n<p>Tras lamentar el fallecimiento de tres trabajadores y las lesiones de un empleado directo de la empresa minera \u201cMedia Luna\u201d de la industrial canadiense \u201cTorex Gold Resources\u201d, en el municipio de Cocula, el dirigente de la secci\u00f3n 17 de mineros de Taxco, Roberto Hern\u00e1ndez Mojica, acuso que esa compa\u00f1\u00eda incurri\u00f3 en negligencia, omisi\u00f3n e irresponsabilidad al negarse a otorgar las medidas de seguridad e higiene para que sus empleados desarrollen su labor en las entra\u00f1as de la tierra.<\/p>\n\n\n\n<p>Luego de que el jueves se conoci\u00f3 el deceso de tres obreros y un trabajador lesionado, por inhalaci\u00f3n de gases durante su jornada de trabajo, el sindicalista apunto que lo ocurrido en \u201cMedia Luna\u201d es la segunda parte de lo sucedido en Pasta de Conchos, Coahuila, en el 2006, donde 65 mineros quedaron sepultados y murieron debido a una explosi\u00f3n, \u201cen ambos casos se comprob\u00f3 la nula existencia de medidas de seguridad para los compa\u00f1eros y el riesgo laboral que corren\u201d.<\/p>\n\n\n\n<p>Hern\u00e1ndez Mojica, reclamo que en un primer momento y para tratar de justificar su negligencia, la empresa minera dijo desconocer los motivos por los cuales cuatro de sus trabajadores acudieron a la zona sin tener \u00f3rdenes precisas, cuando los obreros cumplen indicaciones y se presentan a las \u00e1reas se\u00f1aladas, lo que evidencio la falta de medidas de seguridad por parte de Media Luna que si bien habla de obras en los pueblos, pero eso es m\u00ednimo y omite el cuidado de sus empleados.<\/p>\n\n\n\n<p>Neg\u00f3 que Media Luna sea empresa socialmente responsable y de las m\u00e1s cumplidas como lo publicita, por la serie de accidentes \u201cchicos\u201d donde los lesionados son enviados a sus viviendas para cubrir evidencias y as\u00ed evitar multas grandes por sus negligencias, adem\u00e1s de que enga\u00f1a al estado y se mantiene tranquila por la falta de inspecciones peri\u00f3dicas por parte de la administraci\u00f3n federal, \u201cla federaci\u00f3n debe poner mayor atenci\u00f3n; es lamentable todo eso y ya no queremos m\u00e1s decesos\u201d.<\/p>\n\n\n\n<p>Puntualiz\u00f3 que Guerrero est\u00e1 \u201cinfestado\u201d de empresas canadienses y sus filiales como Media Luna, quienes priorizan la producci\u00f3n en lugar de la seguridad e higiene de sus trabajadores e incumplen con la contrataci\u00f3n de mano de obra local para capacitarlos y generar econom\u00eda en los lugares donde se encuentran laborando, por lo que buscan gente experta de otros estados sin otorgarles beneficios, a\u00fan y cuando la subcontrataci\u00f3n est\u00e1 prohibida por mandato del senado de la rep\u00fablica.<\/p>\n\n\n\n<p>Roberto Hern\u00e1ndez Mojica, dijo que si bien existe un testigo lesionado que conoce lo ocurrido en la minera Media Luna de Cocula, pero la compa\u00f1\u00eda buscara manejarlo a su antojo para ocultar la verdad y emitir una postura a su favor y bajo esa premisa, pidi\u00f3 a los gobiernos estatal y federal realicen una investigaci\u00f3n a fondo para saber la veracidad de los hechos, mientras que la comisi\u00f3n de miner\u00eda del Congreso Local \u201cpor lo menos trate de ver f\u00edsicamente donde est\u00e1 la mina\u201d.<\/p>\n\n\n\n<p>Sostuvo que a\u00fan y cuando los tres fallecidos y la persona lesionada no son sindicalizados, pero se trata de compa\u00f1eros de gremio y en ese sentido, pidi\u00f3 a la gobernadora Evelyn Salgado Pineda no creer en los dichos de la minera e instruya a \u201cinspectores leales\u201d para revisar los yacimientos, donde constatar\u00e1n la falta de medidas de seguridad y muchas cosas malas causantes de multas grandes e incluso el cierre de Media Luna, \u201cya se acabaron lo de cielo abierto y ahora est\u00e1n en lo subterr\u00e1neo\u201d.<\/p>\n","protected":false},"excerpt":{"rendered":"<p>&#8212; Roberto Hern\u00e1ndez Mojica, de la secci\u00f3n 17 del Sindicato Nacional de Trabajadores Mineros de M\u00e9xico sostiene que la trasnacional se neg\u00f3 a otorgar medidas de seguridad e higiene a&hellip; <\/p>\n","protected":false},"author":19,"featured_media":85128,"comment_status":"open","ping_status":"open","sticky":false,"template":"","format":"standard","meta":{"fifu_image_url":"","fifu_image_alt":"","footnotes":""},"categories":[23],"tags":[],"class_list":["post-85127","post","type-post","status-publish","format-standard","has-post-thumbnail","hentry","category-regionales"],"_links":{"self":[{"href":"https:\/\/www.interaccionnoticias.com.mx\/index.php?rest_route=\/wp\/v2\/posts\/85127","targetHints":{"allow":["GET"]}}],"collection":[{"href":"https:\/\/www.interaccionnoticias.com.mx\/index.php?rest_route=\/wp\/v2\/posts"}],"about":[{"href":"https:\/\/www.interaccionnoticias.com.mx\/index.php?rest_route=\/wp\/v2\/types\/post"}],"author":[{"embeddable":true,"href":"https:\/\/www.interaccionnoticias.com.mx\/index.php?rest_route=\/wp\/v2\/users\/19"}],"replies":[{"embeddable":true,"href":"https:\/\/www.interaccionnoticias.com.mx\/index.php?rest_route=%2Fwp%2Fv2%2Fcomments&post=85127"}],"version-history":[{"count":1,"href":"https:\/\/www.interaccionnoticias.com.mx\/index.php?rest_route=\/wp\/v2\/posts\/85127\/revisions"}],"predecessor-version":[{"id":85129,"href":"https:\/\/www.interaccionnoticias.com.mx\/index.php?rest_route=\/wp\/v2\/posts\/85127\/revisions\/85129"}],"wp:featuredmedia":[{"embeddable":true,"href":"https:\/\/www.interaccionnoticias.com.mx\/index.php?rest_route=\/wp\/v2\/media\/85128"}],"wp:attachment":[{"href":"https:\/\/www.interaccionnoticias.com.mx\/index.php?rest_route=%2Fwp%2Fv2%2Fmedia&parent=85127"}],"wp:term":[{"taxonomy":"category","embeddable":true,"href":"https:\/\/www.interaccionnoticias.com.mx\/index.php?rest_route=%2Fwp%2Fv2%2Fcategories&post=85127"},{"taxonomy":"post_tag","embeddable":true,"href":"https:\/\/www.interaccionnoticias.com.mx\/index.php?rest_route=%2Fwp%2Fv2%2Ftags&post=85127"}],"curies":[{"name":"wp","href":"https:\/\/api.w.org\/{rel}","templated":true}]}}