{"id":85118,"date":"2024-12-08T16:35:00","date_gmt":"2024-12-08T22:35:00","guid":{"rendered":"https:\/\/www.interaccionnoticias.com.mx\/?p=85118"},"modified":"2024-12-08T18:38:15","modified_gmt":"2024-12-09T00:38:15","slug":"desde-acapulco-hacen-un-llamado-a-una-tregua-por-la-paz","status":"publish","type":"post","link":"https:\/\/www.interaccionnoticias.com.mx\/?p=85118","title":{"rendered":"Desde Acapulco hacen un llamado a una tregua por la paz"},"content":{"rendered":"\n<p><strong><em>&#8212; La iglesia pide a los generadores de violencia ser sensibles<br>&#8212; \u201cEstemos en paz\u201d, los d\u00edas 12 y 24 de diciembre<\/em><\/strong><\/p>\n\n\n\n<p><strong>Javier Trujillo<\/strong><\/p>\n\n\n\n<p><strong>Acapulco, Gro. \u2013 <\/strong>En Acapulco, el p\u00e1rroco Jos\u00e9 Filiberto Vel\u00e1zquez Florencio, llam\u00f3 a los generadores de violencia a establecer una tregua durante las celebraciones decembrinas del 12 y 24 en la navidad.<\/p>\n\n\n\n<p>\u201cHay un llamado de un obispo para una tregua desde la Ciudad de M\u00e9xico, donde habla que estemos en paz el 12 y 24 de diciembre, ojal\u00e1 que podamos hacer un eco que esto llegue a todas las familias.<\/p>\n\n\n\n<p>\u201cA los generadores de violencia, sabemos verdad quienes son, que ellos puedan escuchar este mensaje y puedan ser sensibles al sufrimiento del pueblo\u201d, clam\u00f3 el sacerdote y presidente del Centro de Derechos Humanos Minerva Bello, Jos\u00e9 Filiberto Vel\u00e1zquez Florencio.<\/p>\n\n\n\n<p>La tregua se plantea luego de que uno de los obispos auxiliares de la Ciudad de M\u00e9xico, Francisco Javier Acero P\u00e9rez, hizo un llamado para pedir una tregua a la violencia que afecta todo el pa\u00eds.<\/p>\n\n\n\n<p>En el estado de Guerrero, los obispos y sacerdotes han jugado un papel muy activo en la b\u00fasqueda de la pacificaci\u00f3n del estado.<\/p>\n\n\n\n<p>Ahora, el m\u00e1s reciente es su participaci\u00f3n en la nueva estrategia de pacificaci\u00f3n que plantean las autoridades de gobierno estatal y federal, llamada \u201cGuerrero por la paz\u201d, con la que se busca reducir los \u00edndices de violencia.<\/p>\n\n\n\n<p>El cl\u00e9rigo de la iglesia cat\u00f3lica, advierte los resultados no ser\u00e1n en un corto ni mediano plazo, por lo que consider\u00f3 que debe ser una tarea de todos, y eso significa incluir adem\u00e1s de las autoridades a la sociedad civil organizada, as\u00ed como a los medios de comunicaci\u00f3n, para aprender a construir la paz.<\/p>\n\n\n\n<p>Vel\u00e1zquez Florencio, insisti\u00f3 en que los medios de comunicaci\u00f3n, iglesia y ciudadanos est\u00e1n aprendiendo como construir la paz, y estim\u00f3 que todos est\u00e1n dispuestos a aprender este nuevo camino, \u201cpara todos poner un grano de arena\u201d, finaliz\u00f3.<\/p>\n","protected":false},"excerpt":{"rendered":"<p>&#8212; La iglesia pide a los generadores de violencia ser sensibles&#8212; \u201cEstemos en paz\u201d, los d\u00edas 12 y 24 de diciembre Javier Trujillo Acapulco, Gro. \u2013 En Acapulco, el p\u00e1rroco&hellip; <\/p>\n","protected":false},"author":3,"featured_media":85119,"comment_status":"open","ping_status":"open","sticky":false,"template":"","format":"standard","meta":{"fifu_image_url":"","fifu_image_alt":"","footnotes":""},"categories":[29],"tags":[],"class_list":["post-85118","post","type-post","status-publish","format-standard","has-post-thumbnail","hentry","category-sociedad"],"_links":{"self":[{"href":"https:\/\/www.interaccionnoticias.com.mx\/index.php?rest_route=\/wp\/v2\/posts\/85118","targetHints":{"allow":["GET"]}}],"collection":[{"href":"https:\/\/www.interaccionnoticias.com.mx\/index.php?rest_route=\/wp\/v2\/posts"}],"about":[{"href":"https:\/\/www.interaccionnoticias.com.mx\/index.php?rest_route=\/wp\/v2\/types\/post"}],"author":[{"embeddable":true,"href":"https:\/\/www.interaccionnoticias.com.mx\/index.php?rest_route=\/wp\/v2\/users\/3"}],"replies":[{"embeddable":true,"href":"https:\/\/www.interaccionnoticias.com.mx\/index.php?rest_route=%2Fwp%2Fv2%2Fcomments&post=85118"}],"version-history":[{"count":1,"href":"https:\/\/www.interaccionnoticias.com.mx\/index.php?rest_route=\/wp\/v2\/posts\/85118\/revisions"}],"predecessor-version":[{"id":85120,"href":"https:\/\/www.interaccionnoticias.com.mx\/index.php?rest_route=\/wp\/v2\/posts\/85118\/revisions\/85120"}],"wp:featuredmedia":[{"embeddable":true,"href":"https:\/\/www.interaccionnoticias.com.mx\/index.php?rest_route=\/wp\/v2\/media\/85119"}],"wp:attachment":[{"href":"https:\/\/www.interaccionnoticias.com.mx\/index.php?rest_route=%2Fwp%2Fv2%2Fmedia&parent=85118"}],"wp:term":[{"taxonomy":"category","embeddable":true,"href":"https:\/\/www.interaccionnoticias.com.mx\/index.php?rest_route=%2Fwp%2Fv2%2Fcategories&post=85118"},{"taxonomy":"post_tag","embeddable":true,"href":"https:\/\/www.interaccionnoticias.com.mx\/index.php?rest_route=%2Fwp%2Fv2%2Ftags&post=85118"}],"curies":[{"name":"wp","href":"https:\/\/api.w.org\/{rel}","templated":true}]}}