{"id":85099,"date":"2024-12-08T09:54:00","date_gmt":"2024-12-08T15:54:00","guid":{"rendered":"https:\/\/www.interaccionnoticias.com.mx\/?p=85099"},"modified":"2024-12-08T11:36:08","modified_gmt":"2024-12-08T17:36:08","slug":"diciembre-de-cine","status":"publish","type":"post","link":"https:\/\/www.interaccionnoticias.com.mx\/?p=85099","title":{"rendered":"Diciembre de cine"},"content":{"rendered":"\n<p><strong>David Mart\u00ednez T\u00e9llez<\/strong><\/p>\n\n\n\n<p><strong><em>Analista pol\u00edtico, comunic\u00f3logo y acad\u00e9mico UAGro<br><\/em><\/strong>\u00a0<br>Son d\u00edas de asueto en este diciembre y qu\u00e9 mejor que ver cine y si es mexicano se va a sorprender de sus contenidos.<\/p>\n\n\n\n<p>Le sugiero estas pel\u00edculas para valorar la creaci\u00f3n cinematogr\u00e1fica nacional. La esta de los \u201cchurros\u201d, clasificados de esa manera, porque eran historias fofas, donde el poder popular las defin\u00eda como \u201cel muchacho chicho de la cinta gacha\u201d.<\/p>\n\n\n\n<p><strong>Acorazado<\/strong> a prop\u00f3sito de indocumentados (ahorita tema de moda por pol\u00edtica del reelecto presidente Donald Trump). Duraci\u00f3n 98 minutos. \u00c1lvaro Curiel, director.<\/p>\n\n\n\n<p><strong>La \u00faltima y nos vamos<\/strong> versi\u00f3n capitalina de j\u00f3venes que todav\u00eda pueden disfrutar de una noche de mariachis en Plaza Garibaldi. Lo interesante es la post historia despu\u00e9s de los tragos. 87 minutos. Eva L\u00f3pez S\u00e1nchez, directora.<\/p>\n\n\n\n<p><strong>Cumbia callera<\/strong> te atrapa por el ambiente de monta\u00f1as de Monterrey donde tres j\u00f3venes, adem\u00e1s de sus pasiones nos muestran los distintos escenarios sociales, siempre acompa\u00f1ados por el ritmo cumbiero. 94 minutos. Ren\u00e9 Villarreal, director.<\/p>\n\n\n\n<p><strong>Mexican Gangster<\/strong> versi\u00f3n sobre Alfredo R\u00edos Galeana quien roba bancos en M\u00e9xico y con disfraz de luchador-cantante se escabulle de la justicia. 102 minutos. Jos\u00e9 Manuel Cravioto, director.<\/p>\n\n\n\n<p><strong>La carga<\/strong> historia del primer guerrillero latinoamericano, capturado y rescatado. 91 minutos. Director: Alan Jonsson<\/p>\n\n\n\n<p><strong>El diablo entre las piernas<\/strong> nos cuenta la historia de una mujer brutalmente apasionada que busca redimirse con comportamientos riesgosos, situaciones que la llevar\u00e1n a consecuencias inesperadas. 147 minutos. Arturo Ripstein, director.<\/p>\n\n\n\n<p><strong>Tiempos felices<\/strong> o c\u00f3mo romper una relaci\u00f3n a trav\u00e9s de una agencia. 78 minutos. Director: Luis Javier Henaine.<\/p>\n\n\n\n<p><strong>Noches de julio <\/strong>narra a dos personas que se conocen por ser adictas a lavar su ropa \u00edntima en casas ajenas. 74 minutos. Axel Mu\u00f1oz, director.<\/p>\n\n\n\n<p><strong>Influencia<\/strong> ni\u00f1a citadina de 16 a\u00f1os con cierto poder; sus sue\u00f1os sobre persona espec\u00edfica se convierte en tragedia. 95 minutos. Director: Pablo Aura.<\/p>\n\n\n\n<p><strong>Emboscada<\/strong> banda de asesinos serial. Al desaparecer un cuerpo y en su intento de hallarlo encuentran m\u00e1s restos. 79 minutos. Ren\u00e9 Herrera Guerra, director.<\/p>\n\n\n\n<p>La \u00faltima palabra, por supuesto, la tiene el observador.<\/p>\n","protected":false},"excerpt":{"rendered":"<p>David Mart\u00ednez T\u00e9llez Analista pol\u00edtico, comunic\u00f3logo y acad\u00e9mico UAGro\u00a0Son d\u00edas de asueto en este diciembre y qu\u00e9 mejor que ver cine y si es mexicano se va a sorprender de&hellip; <\/p>\n","protected":false},"author":27,"featured_media":82316,"comment_status":"open","ping_status":"open","sticky":false,"template":"","format":"standard","meta":{"fifu_image_url":"","fifu_image_alt":"","footnotes":""},"categories":[16],"tags":[],"class_list":["post-85099","post","type-post","status-publish","format-standard","has-post-thumbnail","hentry","category-opinion"],"_links":{"self":[{"href":"https:\/\/www.interaccionnoticias.com.mx\/index.php?rest_route=\/wp\/v2\/posts\/85099","targetHints":{"allow":["GET"]}}],"collection":[{"href":"https:\/\/www.interaccionnoticias.com.mx\/index.php?rest_route=\/wp\/v2\/posts"}],"about":[{"href":"https:\/\/www.interaccionnoticias.com.mx\/index.php?rest_route=\/wp\/v2\/types\/post"}],"author":[{"embeddable":true,"href":"https:\/\/www.interaccionnoticias.com.mx\/index.php?rest_route=\/wp\/v2\/users\/27"}],"replies":[{"embeddable":true,"href":"https:\/\/www.interaccionnoticias.com.mx\/index.php?rest_route=%2Fwp%2Fv2%2Fcomments&post=85099"}],"version-history":[{"count":1,"href":"https:\/\/www.interaccionnoticias.com.mx\/index.php?rest_route=\/wp\/v2\/posts\/85099\/revisions"}],"predecessor-version":[{"id":85100,"href":"https:\/\/www.interaccionnoticias.com.mx\/index.php?rest_route=\/wp\/v2\/posts\/85099\/revisions\/85100"}],"wp:featuredmedia":[{"embeddable":true,"href":"https:\/\/www.interaccionnoticias.com.mx\/index.php?rest_route=\/wp\/v2\/media\/82316"}],"wp:attachment":[{"href":"https:\/\/www.interaccionnoticias.com.mx\/index.php?rest_route=%2Fwp%2Fv2%2Fmedia&parent=85099"}],"wp:term":[{"taxonomy":"category","embeddable":true,"href":"https:\/\/www.interaccionnoticias.com.mx\/index.php?rest_route=%2Fwp%2Fv2%2Fcategories&post=85099"},{"taxonomy":"post_tag","embeddable":true,"href":"https:\/\/www.interaccionnoticias.com.mx\/index.php?rest_route=%2Fwp%2Fv2%2Ftags&post=85099"}],"curies":[{"name":"wp","href":"https:\/\/api.w.org\/{rel}","templated":true}]}}