{"id":8508,"date":"2017-09-25T19:04:15","date_gmt":"2017-09-26T00:04:15","guid":{"rendered":"http:\/\/www.inter-accion.com.mx\/?p=8508"},"modified":"2017-09-25T19:04:15","modified_gmt":"2017-09-26T00:04:15","slug":"con-bloqueos-padres-de-familia-exigen-dictamen-de-proteccion-civil-respecto-al-estado-de-las-escuelas-de-sus-hijos","status":"publish","type":"post","link":"https:\/\/www.interaccionnoticias.com.mx\/?p=8508","title":{"rendered":"Con bloqueos, padres de familia exigen dictamen de Protecci\u00f3n Civil respecto al  estado de las escuelas de sus hijos"},"content":{"rendered":"<p><br \/>\n<strong>Algunas reclaman la reconstrucci\u00f3n total<\/strong><br \/>\nCon bloqueos en diferentes puntos de la ciudad, padres de familia exigieron que Protecci\u00f3n Civil del Estado emita un dictamen que les permita tener la certeza de que las escuelas de sus hijos est\u00e1n en condiciones optimas para resguardarlos, de lo contrario, advirtieron que no los van a mandar a clases.<br \/>\nEl conflicto se resinti\u00f3 en ocho planteles de la capital, cinco de ellas de nivel b\u00e1sico, durante las protestas, los jefes de familiasuspendieron clases de manera indefinida, en algunos casos exigieron la reconstrucci\u00f3n total de los planteles que fueron da\u00f1ados por los recientes sismos.<br \/>\nLa inconformidad, entre otras cosas, estuvo sustentada en el hecho de que las escuelas d no fueron incluidas en la lista de planteles afectados por el movimiento de tierra del 19 de septiembre, la cual difundi\u00f3 el gobierno estatal.<br \/>\nEntre los planteles da\u00f1ados est\u00e1 la primaria Antonio A. Guerrero, ubicada en el barrio de San Antonio, cerca del centro de la ciudad.<br \/>\nTambi\u00e9n hubo manifestaci\u00f3n en la secundaria Antonio I. Delgado, en la avenida Vicente Guerrero, en el jard\u00edn de ni\u00f1os Margarita Maza de Ju\u00e1rez, sobre la avenida de los Insurgentes, el jard\u00edn de ni\u00f1os Berta Dom\u00ednguez de la colonia Las Palmas, el jard\u00edn de ni\u00f1os Ram\u00f3n Alarc\u00f3n Jim\u00e9nez de la colonia del PRI y el k\u00ednder Juan \u00c1lvarez, en el centro.<br \/>\nLos padres de familia y maestros del jard\u00edn de ni\u00f1os Margarita Maza de Ju\u00e1rez bloquearon totalmente la avenida Insurgentes, una de las m\u00e1s transitadas en la ciudad, justo frente al mercado Baltazar R. Leyva Mancilla.<br \/>\nLos padres del jard\u00edn de ni\u00f1os Ram\u00f3n Alarc\u00f3n Ju\u00e1rez bloquearon lo que se conoce como \u201cEl puente del Capricho\u201d, en la entrada a la colonia del PRI, mientras que en las otras escuelas solamente se montaron guardias.<br \/>\nEl punto m\u00e1s critico se ubic\u00f3 en la lateral sur-norte del boulevard Vicente Guerrero, a la altura de las terminales de autobuses, lugar en donde los padres del Maza de Ju\u00e1rez movieron su protesta para incrementar el nivel de la presi\u00f3n.&nbsp;&nbsp;&nbsp;&nbsp;&nbsp;<br \/>\nLa operaci\u00f3n de funcionarios del municipio y de la Secretar\u00eda de Educaci\u00f3n Guerrero (SEG) permiti\u00f3 que gradualmente las protestas fueran bajando de tono, aunque se espera que en el transcurso de la semana haya m\u00e1s acciones.<\/p>\n","protected":false},"excerpt":{"rendered":"<p>Algunas reclaman la reconstrucci\u00f3n total Con bloqueos en diferentes puntos de la ciudad, padres de familia exigieron que Protecci\u00f3n Civil del Estado emita un dictamen que les permita tener la&hellip; <\/p>\n","protected":false},"author":1,"featured_media":0,"comment_status":"closed","ping_status":"closed","sticky":false,"template":"","format":"standard","meta":{"fifu_image_url":"","fifu_image_alt":"","footnotes":""},"categories":[6,8],"tags":[],"class_list":["post-8508","post","type-post","status-publish","format-standard","hentry","category-educacion","category-featured"],"_links":{"self":[{"href":"https:\/\/www.interaccionnoticias.com.mx\/index.php?rest_route=\/wp\/v2\/posts\/8508","targetHints":{"allow":["GET"]}}],"collection":[{"href":"https:\/\/www.interaccionnoticias.com.mx\/index.php?rest_route=\/wp\/v2\/posts"}],"about":[{"href":"https:\/\/www.interaccionnoticias.com.mx\/index.php?rest_route=\/wp\/v2\/types\/post"}],"author":[{"embeddable":true,"href":"https:\/\/www.interaccionnoticias.com.mx\/index.php?rest_route=\/wp\/v2\/users\/1"}],"replies":[{"embeddable":true,"href":"https:\/\/www.interaccionnoticias.com.mx\/index.php?rest_route=%2Fwp%2Fv2%2Fcomments&post=8508"}],"version-history":[{"count":0,"href":"https:\/\/www.interaccionnoticias.com.mx\/index.php?rest_route=\/wp\/v2\/posts\/8508\/revisions"}],"wp:attachment":[{"href":"https:\/\/www.interaccionnoticias.com.mx\/index.php?rest_route=%2Fwp%2Fv2%2Fmedia&parent=8508"}],"wp:term":[{"taxonomy":"category","embeddable":true,"href":"https:\/\/www.interaccionnoticias.com.mx\/index.php?rest_route=%2Fwp%2Fv2%2Fcategories&post=8508"},{"taxonomy":"post_tag","embeddable":true,"href":"https:\/\/www.interaccionnoticias.com.mx\/index.php?rest_route=%2Fwp%2Fv2%2Ftags&post=8508"}],"curies":[{"name":"wp","href":"https:\/\/api.w.org\/{rel}","templated":true}]}}