{"id":85039,"date":"2024-12-06T12:17:00","date_gmt":"2024-12-06T18:17:00","guid":{"rendered":"https:\/\/www.interaccionnoticias.com.mx\/?p=85039"},"modified":"2024-12-06T14:25:06","modified_gmt":"2024-12-06T20:25:06","slug":"ponen-en-marcha-guerrero-por-la-paz-en-chilpancingo","status":"publish","type":"post","link":"https:\/\/www.interaccionnoticias.com.mx\/?p=85039","title":{"rendered":"Ponen en marcha Guerrero por la Paz en Chilpancingo"},"content":{"rendered":"\n<p><strong><em>&#8212; Sin embargo en el evento no se habl\u00f3 a detalle sobre las pol\u00edticas y acciones que se implementar\u00e1n para garantizar la integridad de la poblaci\u00f3n<\/em><\/strong><\/p>\n\n\n\n<p><strong>Yasm\u00edn Garc\u00eda<\/strong><\/p>\n\n\n\n<p>Funcionarios de los tres niveles de gobierno pusieron en marcha el programa \u201cGuerrero por la Paz\u201d, con el que se busca erradicar la violencia de ra\u00edz en la capital del estado.<\/p>\n\n\n\n<p>La estrategia fue anunciada por la gobernadora Evelyn Salgado Pineda desde la semana pasada, el evento de este viernes se desarroll\u00f3 en el kiosco de la alameda central, con la presencia del alcalde Gustavo Alarc\u00f3n Herrera y funcionarios del estado y la federaci\u00f3n.<\/p>\n\n\n\n<p>El primer edil capitalino, Gustavo Alarc\u00f3n reconoci\u00f3 que en la capital, las familias viven con miedo ante la inseguridad, sin embargo, luchan de manera constante para mantener a flote las actividades productivas, lo que es una muestra de resiliencia.<\/p>\n\n\n\n<p>Consider\u00f3 que la poblaci\u00f3n se sumar\u00e1 de manera decidida a la estrategia impulsada desde la Secretar\u00eda de Gobernaci\u00f3n, por los posicionamientos que han hecho representantes de los sectores p\u00fablicos.<\/p>\n\n\n\n<p>Explic\u00f3 que la estraegia consiste en acercar los programas y servicios a la sociedad para construir una sociedad m\u00e1s justa y segura.<\/p>\n\n\n\n<p>En el acto, Pablo Gordillo, titular de la Secretar\u00eda de Bienestar, dijo que \u201cGuerrero por la paz\u201d atiende las causas que generan la violencia desde la ra\u00edz, pues a trav\u00e9s de apoyos a la cultura, el deportivo y la educaci\u00f3n, se profundiza de manera integral en la difusi\u00f3n de la cultura de paz.<\/p>\n\n\n\n<p>En el evento estuvo presente Rocio B\u00e1rcena Molina, subsecretaria de Desarrollo Democr\u00e1tico, Participaci\u00f3n Social y Asuntos Religiosos de la Secretar\u00eda de Gobernaci\u00f3n (SEGOB) federal.<\/p>\n\n\n\n<div class=\"wp-block-jetpack-slideshow aligncenter\" data-effect=\"slide\"><div class=\"wp-block-jetpack-slideshow_container swiper-container\"><ul class=\"wp-block-jetpack-slideshow_swiper-wrapper swiper-wrapper\"><li class=\"wp-block-jetpack-slideshow_slide swiper-slide\"><figure><img decoding=\"async\" src=\"data:image\/gif;base64,R0lGODlhAQABAIAAAAAAAP\/\/\/ywAAAAAAQABAAACAUwAOw==\" fifu-lazy=\"1\" fifu-data-sizes=\"auto\" fifu-data-srcset=\"https:\/\/i3.wp.com\/www.interaccionnoticias.com.mx\/wp-content\/uploads\/2024\/12\/241206-Guerrero-por-la-Paz-2.jpg?ssl=1&w=75&resize=75&ssl=1 75w, https:\/\/i3.wp.com\/www.interaccionnoticias.com.mx\/wp-content\/uploads\/2024\/12\/241206-Guerrero-por-la-Paz-2.jpg?ssl=1&w=100&resize=100&ssl=1 100w, https:\/\/i3.wp.com\/www.interaccionnoticias.com.mx\/wp-content\/uploads\/2024\/12\/241206-Guerrero-por-la-Paz-2.jpg?ssl=1&w=150&resize=150&ssl=1 150w, https:\/\/i3.wp.com\/www.interaccionnoticias.com.mx\/wp-content\/uploads\/2024\/12\/241206-Guerrero-por-la-Paz-2.jpg?ssl=1&w=240&resize=240&ssl=1 240w, https:\/\/i3.wp.com\/www.interaccionnoticias.com.mx\/wp-content\/uploads\/2024\/12\/241206-Guerrero-por-la-Paz-2.jpg?ssl=1&w=320&resize=320&ssl=1 320w, https:\/\/i3.wp.com\/www.interaccionnoticias.com.mx\/wp-content\/uploads\/2024\/12\/241206-Guerrero-por-la-Paz-2.jpg?ssl=1&w=500&resize=500&ssl=1 500w, https:\/\/i3.wp.com\/www.interaccionnoticias.com.mx\/wp-content\/uploads\/2024\/12\/241206-Guerrero-por-la-Paz-2.jpg?ssl=1&w=640&resize=640&ssl=1 640w, https:\/\/i3.wp.com\/www.interaccionnoticias.com.mx\/wp-content\/uploads\/2024\/12\/241206-Guerrero-por-la-Paz-2.jpg?ssl=1&w=800&resize=800&ssl=1 800w, https:\/\/i3.wp.com\/www.interaccionnoticias.com.mx\/wp-content\/uploads\/2024\/12\/241206-Guerrero-por-la-Paz-2.jpg?ssl=1&w=1024&resize=1024&ssl=1 1024w, https:\/\/i3.wp.com\/www.interaccionnoticias.com.mx\/wp-content\/uploads\/2024\/12\/241206-Guerrero-por-la-Paz-2.jpg?ssl=1&w=1280&resize=1280&ssl=1 1280w, https:\/\/i3.wp.com\/www.interaccionnoticias.com.mx\/wp-content\/uploads\/2024\/12\/241206-Guerrero-por-la-Paz-2.jpg?ssl=1&w=1600&resize=1600&ssl=1 1600w\" alt=\"\" class=\"wp-block-jetpack-slideshow_image wp-image-85041\" data-id=\"85041\" fifu-data-src=\"https:\/\/i3.wp.com\/www.interaccionnoticias.com.mx\/wp-content\/uploads\/2024\/12\/241206-Guerrero-por-la-Paz-2.jpg?ssl=1\"\/><\/figure><\/li><li class=\"wp-block-jetpack-slideshow_slide swiper-slide\"><figure><img decoding=\"async\" src=\"data:image\/gif;base64,R0lGODlhAQABAIAAAAAAAP\/\/\/ywAAAAAAQABAAACAUwAOw==\" fifu-lazy=\"1\" fifu-data-sizes=\"auto\" fifu-data-srcset=\"https:\/\/i3.wp.com\/www.interaccionnoticias.com.mx\/wp-content\/uploads\/2024\/12\/241206-Guerrero-por-la-Paz-1.jpg?ssl=1&w=75&resize=75&ssl=1 75w, https:\/\/i3.wp.com\/www.interaccionnoticias.com.mx\/wp-content\/uploads\/2024\/12\/241206-Guerrero-por-la-Paz-1.jpg?ssl=1&w=100&resize=100&ssl=1 100w, https:\/\/i3.wp.com\/www.interaccionnoticias.com.mx\/wp-content\/uploads\/2024\/12\/241206-Guerrero-por-la-Paz-1.jpg?ssl=1&w=150&resize=150&ssl=1 150w, https:\/\/i3.wp.com\/www.interaccionnoticias.com.mx\/wp-content\/uploads\/2024\/12\/241206-Guerrero-por-la-Paz-1.jpg?ssl=1&w=240&resize=240&ssl=1 240w, https:\/\/i3.wp.com\/www.interaccionnoticias.com.mx\/wp-content\/uploads\/2024\/12\/241206-Guerrero-por-la-Paz-1.jpg?ssl=1&w=320&resize=320&ssl=1 320w, https:\/\/i3.wp.com\/www.interaccionnoticias.com.mx\/wp-content\/uploads\/2024\/12\/241206-Guerrero-por-la-Paz-1.jpg?ssl=1&w=500&resize=500&ssl=1 500w, https:\/\/i3.wp.com\/www.interaccionnoticias.com.mx\/wp-content\/uploads\/2024\/12\/241206-Guerrero-por-la-Paz-1.jpg?ssl=1&w=640&resize=640&ssl=1 640w, https:\/\/i3.wp.com\/www.interaccionnoticias.com.mx\/wp-content\/uploads\/2024\/12\/241206-Guerrero-por-la-Paz-1.jpg?ssl=1&w=800&resize=800&ssl=1 800w, https:\/\/i3.wp.com\/www.interaccionnoticias.com.mx\/wp-content\/uploads\/2024\/12\/241206-Guerrero-por-la-Paz-1.jpg?ssl=1&w=1024&resize=1024&ssl=1 1024w, https:\/\/i3.wp.com\/www.interaccionnoticias.com.mx\/wp-content\/uploads\/2024\/12\/241206-Guerrero-por-la-Paz-1.jpg?ssl=1&w=1280&resize=1280&ssl=1 1280w, https:\/\/i3.wp.com\/www.interaccionnoticias.com.mx\/wp-content\/uploads\/2024\/12\/241206-Guerrero-por-la-Paz-1.jpg?ssl=1&w=1600&resize=1600&ssl=1 1600w\" alt=\"\" class=\"wp-block-jetpack-slideshow_image wp-image-85040\" data-id=\"85040\" fifu-data-src=\"https:\/\/i3.wp.com\/www.interaccionnoticias.com.mx\/wp-content\/uploads\/2024\/12\/241206-Guerrero-por-la-Paz-1.jpg?ssl=1\"\/><\/figure><\/li><\/ul><a class=\"wp-block-jetpack-slideshow_button-prev swiper-button-prev swiper-button-white\" role=\"button\"><\/a><a class=\"wp-block-jetpack-slideshow_button-next swiper-button-next swiper-button-white\" role=\"button\"><\/a><a aria-label=\"Pause Slideshow\" class=\"wp-block-jetpack-slideshow_button-pause\" role=\"button\"><\/a><div class=\"wp-block-jetpack-slideshow_pagination swiper-pagination swiper-pagination-white\"><\/div><\/div><\/div>\n","protected":false},"excerpt":{"rendered":"<p>&#8212; Sin embargo en el evento no se habl\u00f3 a detalle sobre las pol\u00edticas y acciones que se implementar\u00e1n para garantizar la integridad de la poblaci\u00f3n Yasm\u00edn Garc\u00eda Funcionarios de&hellip; <\/p>\n","protected":false},"author":32,"featured_media":85041,"comment_status":"open","ping_status":"open","sticky":false,"template":"","format":"standard","meta":{"fifu_image_url":"","fifu_image_alt":"","footnotes":""},"categories":[11],"tags":[],"class_list":["post-85039","post","type-post","status-publish","format-standard","has-post-thumbnail","hentry","category-guerrero"],"_links":{"self":[{"href":"https:\/\/www.interaccionnoticias.com.mx\/index.php?rest_route=\/wp\/v2\/posts\/85039","targetHints":{"allow":["GET"]}}],"collection":[{"href":"https:\/\/www.interaccionnoticias.com.mx\/index.php?rest_route=\/wp\/v2\/posts"}],"about":[{"href":"https:\/\/www.interaccionnoticias.com.mx\/index.php?rest_route=\/wp\/v2\/types\/post"}],"author":[{"embeddable":true,"href":"https:\/\/www.interaccionnoticias.com.mx\/index.php?rest_route=\/wp\/v2\/users\/32"}],"replies":[{"embeddable":true,"href":"https:\/\/www.interaccionnoticias.com.mx\/index.php?rest_route=%2Fwp%2Fv2%2Fcomments&post=85039"}],"version-history":[{"count":1,"href":"https:\/\/www.interaccionnoticias.com.mx\/index.php?rest_route=\/wp\/v2\/posts\/85039\/revisions"}],"predecessor-version":[{"id":85042,"href":"https:\/\/www.interaccionnoticias.com.mx\/index.php?rest_route=\/wp\/v2\/posts\/85039\/revisions\/85042"}],"wp:featuredmedia":[{"embeddable":true,"href":"https:\/\/www.interaccionnoticias.com.mx\/index.php?rest_route=\/wp\/v2\/media\/85041"}],"wp:attachment":[{"href":"https:\/\/www.interaccionnoticias.com.mx\/index.php?rest_route=%2Fwp%2Fv2%2Fmedia&parent=85039"}],"wp:term":[{"taxonomy":"category","embeddable":true,"href":"https:\/\/www.interaccionnoticias.com.mx\/index.php?rest_route=%2Fwp%2Fv2%2Fcategories&post=85039"},{"taxonomy":"post_tag","embeddable":true,"href":"https:\/\/www.interaccionnoticias.com.mx\/index.php?rest_route=%2Fwp%2Fv2%2Ftags&post=85039"}],"curies":[{"name":"wp","href":"https:\/\/api.w.org\/{rel}","templated":true}]}}