{"id":8501,"date":"2017-09-25T18:37:47","date_gmt":"2017-09-25T23:37:47","guid":{"rendered":"http:\/\/www.inter-accion.com.mx\/?p=8501"},"modified":"2017-09-25T18:37:47","modified_gmt":"2017-09-25T23:37:47","slug":"durante-12-horas-maestros-bloquean-la-carretera-federal-chilpancingo-tlapa","status":"publish","type":"post","link":"https:\/\/www.interaccionnoticias.com.mx\/?p=8501","title":{"rendered":"Durante 12 horas, maestros bloquean la carretera federal Chilpancingo-Tlapa"},"content":{"rendered":"<div><strong>A la altura de Tixtla, exigen transporte y&nbsp;seguridad<\/strong>\n<\/div>\n<div>Maestros radicados en Tixtla, pero con adscripci\u00f3n en municipios como Chilapa y Zitlala &nbsp;bloquearon durante 12 horas&nbsp;&nbsp;la carretera federal Chilpancingo-Tlapa,con la intenci\u00f3n de &nbsp;exigir&nbsp;transporte p\u00fablico y&nbsp;garant\u00edas en sus traslados hacia diferentes puntos de la regi\u00f3n Monta\u00f1a.<\/div>\n<div>Juan Manuel Acevedo, uno de los manifestantes, explic\u00f3&nbsp;que los trabajadores de la educaci\u00f3n que diariamente se trasladan a Chilapa y diferentes puntos de la Monta\u00f1a baja, desde hace m\u00e1s de un a\u00f1o&nbsp;se han visto severamente afectados por la pugna que sostienen grupos del crimen organizado.<br \/>\n\u00abA varios compa\u00f1eros les ha tocado ir a bordo cuando las unidades son detenidas, por lo que han visto situaciones nada agradables y viven con mucho temor\u00bb, indic\u00f3.<br \/>\nExplic\u00f3 que es la segunda ocasi\u00f3n en que intentan llamar la atenci\u00f3n de las autoridades, pues la situaci\u00f3n no var\u00eda, pese a las constantes peticiones de auxilio.&nbsp;<\/div>\n<div>El cierre de la vialidad comenz\u00f3 alrededor de las 05:30 horas del lunes 25 de septiembre, los maestros advirtieron que se mover\u00edan hasta que las autoridades los atendieran.<\/div>\n<div>A petici\u00f3n de las autoridades, una comisi\u00f3n se traslad\u00f3 a Chilpancingo para dialogar, lo que permiti\u00f3 que pasadas las 13:00 horas accedieran a permitir la circulaci\u00f3n de manera intermitente, lo que mitig\u00f3&nbsp;un poco el malestar de los automovilistas.<\/div>\n<div>Los inconformes indicaron que solamente reclaman el acceso a transporte seguro, ya&nbsp;que hasta el momento no existen garant\u00edas plenas para realizar sus actividades profesionales.<\/div>\n<div>\u00abNosotros llegamos a las bases de las Urvan de Chilpancingo hacia Tixtla y no pasan, ya cerraron dos l\u00edneas en Chilapa, en Tixtla no est\u00e1 funcionando la base de Aguilas Doradas y desconocemos cual es la causa\u00bb, asegur\u00f3 el profesor Sergio Dircio Amateco, uno de los manifestantes.<\/div>\n<div>La ausencia de transporte p\u00fablico comenz\u00f3 en Chilapa,&nbsp;con la pugna entre dos grupos de delincuentes, pero el problema ya se sinti\u00f3 en Tixtla y Chilpancingo, lo que perjudica no solo a los profesores, pr\u00e1cticamente a todos los sectores productivos y que necesitan desplazarse de manera cotidiana.<\/div>\n<div><span style=\"font-family: Calibri, Helvetica, sans-serif; font-size: medium;\">Pasadas las 17:40, a&nbsp;<\/span><span style=\"font-family: Calibri, Helvetica, sans-serif; font-size: medium;\">poco m\u00e1s de 12 horas de bloqueo, los mentores&nbsp;<\/span><span style=\"font-family: Calibri, Helvetica, sans-serif;\">aceptaron<\/span><span style=\"font-family: Calibri, Helvetica, sans-serif; font-size: medium;\">&nbsp;retirarse del entronque que mantuvieron bajo su control desde las 05:30.<\/span><\/div>\n<div><span style=\"font-family: Calibri, Helvetica, sans-serif; font-size: medium;\">Se espera que este martes haya m\u00e1s actividades en el centro de Tixtla,&nbsp;porque el problema no se resolvi\u00f3 plenamente<\/span><\/div>\n","protected":false},"excerpt":{"rendered":"<p>A la altura de Tixtla, exigen transporte y&nbsp;seguridad Maestros radicados en Tixtla, pero con adscripci\u00f3n en municipios como Chilapa y Zitlala &nbsp;bloquearon durante 12 horas&nbsp;&nbsp;la carretera federal Chilpancingo-Tlapa,con la intenci\u00f3n&hellip; <\/p>\n","protected":false},"author":1,"featured_media":0,"comment_status":"closed","ping_status":"closed","sticky":false,"template":"","format":"standard","meta":{"fifu_image_url":"","fifu_image_alt":"","footnotes":""},"categories":[6,8],"tags":[],"class_list":["post-8501","post","type-post","status-publish","format-standard","hentry","category-educacion","category-featured"],"_links":{"self":[{"href":"https:\/\/www.interaccionnoticias.com.mx\/index.php?rest_route=\/wp\/v2\/posts\/8501","targetHints":{"allow":["GET"]}}],"collection":[{"href":"https:\/\/www.interaccionnoticias.com.mx\/index.php?rest_route=\/wp\/v2\/posts"}],"about":[{"href":"https:\/\/www.interaccionnoticias.com.mx\/index.php?rest_route=\/wp\/v2\/types\/post"}],"author":[{"embeddable":true,"href":"https:\/\/www.interaccionnoticias.com.mx\/index.php?rest_route=\/wp\/v2\/users\/1"}],"replies":[{"embeddable":true,"href":"https:\/\/www.interaccionnoticias.com.mx\/index.php?rest_route=%2Fwp%2Fv2%2Fcomments&post=8501"}],"version-history":[{"count":0,"href":"https:\/\/www.interaccionnoticias.com.mx\/index.php?rest_route=\/wp\/v2\/posts\/8501\/revisions"}],"wp:attachment":[{"href":"https:\/\/www.interaccionnoticias.com.mx\/index.php?rest_route=%2Fwp%2Fv2%2Fmedia&parent=8501"}],"wp:term":[{"taxonomy":"category","embeddable":true,"href":"https:\/\/www.interaccionnoticias.com.mx\/index.php?rest_route=%2Fwp%2Fv2%2Fcategories&post=8501"},{"taxonomy":"post_tag","embeddable":true,"href":"https:\/\/www.interaccionnoticias.com.mx\/index.php?rest_route=%2Fwp%2Fv2%2Ftags&post=8501"}],"curies":[{"name":"wp","href":"https:\/\/api.w.org\/{rel}","templated":true}]}}