{"id":85007,"date":"2024-12-05T15:24:00","date_gmt":"2024-12-05T21:24:00","guid":{"rendered":"https:\/\/www.interaccionnoticias.com.mx\/?p=85007"},"modified":"2024-12-05T22:29:49","modified_gmt":"2024-12-06T04:29:49","slug":"el-ex-gobernador-de-guerrero-hector-astudillo-flores-sera-coordinador-nacional-de-enlace-politico-del-mc","status":"publish","type":"post","link":"https:\/\/www.interaccionnoticias.com.mx\/?p=85007","title":{"rendered":"El ex gobernador de Guerrero, H\u00e9ctor Astudillo Flores ser\u00e1 coordinador nacional de enlace pol\u00edtico del MC"},"content":{"rendered":"\n<p><strong><em>&#8212; Confirma que estar\u00e1 operando de cara al proceso electoral de 202<\/em><\/strong>7<\/p>\n\n\n\n<p><strong>Rogelio Agust\u00edn<\/strong><\/p>\n\n\n\n<p>El ex gobernador de Guerrero, H\u00e9ctor Astudillo Flores fue designado coordinador nacional de enlace pol\u00edtico del Partido Movimiento Ciudadano (MC), por lo que estar\u00e1 operando activamente de cara a los comicios de 2027.<\/p>\n\n\n\n<p>Este jueves, el ex gobernador de Guerrero public\u00f3 en sus redes sociales una felicitaci\u00f3n al ex candidato presidencial, Jorge \u00c1lvarez M\u00e1ynez por su designaci\u00f3n como Coordinador Nacional de MC, durante la V Convenci\u00f3n Nacional de dicho instituto pol\u00edtico.<\/p>\n\n\n\n<p>En esa misma publicaci\u00f3n, el ex titular del Poder Ejecutivo local agradeci\u00f3 que los convencionistas lo hayan elegido como coordinador nacional de enlace pol\u00edtico del MC, nombramiento que lo inserta en la estructura nacional del partido naranja.<\/p>\n\n\n\n<p>V\u00eda mensaje, el ex gobernador confirm\u00f3 que dicho nombramiento lo convierte en un activo del partido en que actualmente gobierna a los estados de Jalisco y Nuevo Le\u00f3n, por lo que estar\u00e1 operando de cara a los compromisos electorales venideros, entre ellos el de 2027, cuando en Guerrero se renueve la gubernatura del estado, 85 presidencias municipales, la totalidad del Congreso y ocho distritos federales.<\/p>\n\n\n\n<p>Astudillo Flores fue gobernador de Guerrero de 2015 a 2021, pero antes de ocupar dicho cargo encabez\u00f3 el cabildo de Chilpancingo durante tres periodos constitucionales, fue dirigente estatal del PRI, senador y coordinador del Congreso local en dos ocasiones.<\/p>\n\n\n\n<p>En la elecci\u00f3n federal de junio pasado se separ\u00f3 del PRI, tras entrar en una confrontaci\u00f3n pol\u00edtica con el actual dirigente nacional Alejandro Moreno C\u00e1rdenas, a quien responsabiliz\u00f3 de las derrotas sufridas en elecciones estatales previas a la sucesi\u00f3n presidencial.<\/p>\n\n\n\n<p>Aunque no se sum\u00f3 al MC de manera inmediata, Astudillo respald\u00f3 abiertamente la campa\u00f1a al Senado del tambi\u00e9n ex alcalde de Chilpancingo, Mario Moreno Arcos, quien fuera candidato a gobernador de la oposici\u00f3n en 2021.<\/p>\n\n\n\n<p>Este jueves, el ex gobernador de Guerrero public\u00f3 dos fotograf\u00edas en sus redes sociales, en una de ellas aparece a lado del ahora dirigente nacional del MC, Jorge \u00c1lvarez M\u00e1ynez.<\/p>\n","protected":false},"excerpt":{"rendered":"<p>&#8212; Confirma que estar\u00e1 operando de cara al proceso electoral de 2027 Rogelio Agust\u00edn El ex gobernador de Guerrero, H\u00e9ctor Astudillo Flores fue designado coordinador nacional de enlace pol\u00edtico del&hellip; <\/p>\n","protected":false},"author":21,"featured_media":85008,"comment_status":"open","ping_status":"open","sticky":false,"template":"","format":"standard","meta":{"fifu_image_url":"","fifu_image_alt":"","footnotes":""},"categories":[18],"tags":[],"class_list":["post-85007","post","type-post","status-publish","format-standard","has-post-thumbnail","hentry","category-partidos-politicos"],"_links":{"self":[{"href":"https:\/\/www.interaccionnoticias.com.mx\/index.php?rest_route=\/wp\/v2\/posts\/85007","targetHints":{"allow":["GET"]}}],"collection":[{"href":"https:\/\/www.interaccionnoticias.com.mx\/index.php?rest_route=\/wp\/v2\/posts"}],"about":[{"href":"https:\/\/www.interaccionnoticias.com.mx\/index.php?rest_route=\/wp\/v2\/types\/post"}],"author":[{"embeddable":true,"href":"https:\/\/www.interaccionnoticias.com.mx\/index.php?rest_route=\/wp\/v2\/users\/21"}],"replies":[{"embeddable":true,"href":"https:\/\/www.interaccionnoticias.com.mx\/index.php?rest_route=%2Fwp%2Fv2%2Fcomments&post=85007"}],"version-history":[{"count":2,"href":"https:\/\/www.interaccionnoticias.com.mx\/index.php?rest_route=\/wp\/v2\/posts\/85007\/revisions"}],"predecessor-version":[{"id":85010,"href":"https:\/\/www.interaccionnoticias.com.mx\/index.php?rest_route=\/wp\/v2\/posts\/85007\/revisions\/85010"}],"wp:featuredmedia":[{"embeddable":true,"href":"https:\/\/www.interaccionnoticias.com.mx\/index.php?rest_route=\/wp\/v2\/media\/85008"}],"wp:attachment":[{"href":"https:\/\/www.interaccionnoticias.com.mx\/index.php?rest_route=%2Fwp%2Fv2%2Fmedia&parent=85007"}],"wp:term":[{"taxonomy":"category","embeddable":true,"href":"https:\/\/www.interaccionnoticias.com.mx\/index.php?rest_route=%2Fwp%2Fv2%2Fcategories&post=85007"},{"taxonomy":"post_tag","embeddable":true,"href":"https:\/\/www.interaccionnoticias.com.mx\/index.php?rest_route=%2Fwp%2Fv2%2Ftags&post=85007"}],"curies":[{"name":"wp","href":"https:\/\/api.w.org\/{rel}","templated":true}]}}