{"id":84982,"date":"2024-12-05T11:27:00","date_gmt":"2024-12-05T17:27:00","guid":{"rendered":"https:\/\/www.interaccionnoticias.com.mx\/?p=84982"},"modified":"2024-12-05T12:21:38","modified_gmt":"2024-12-05T18:21:38","slug":"hasta-que-no-se-en-encuentren-a-todos-los-jovenes-no-debe-cerrarse-el-caso-dice-claudia-sheinbaum-a-padres-de-los-43","status":"publish","type":"post","link":"https:\/\/www.interaccionnoticias.com.mx\/?p=84982","title":{"rendered":"\u201cHasta que no se encuentren a todos los j\u00f3venes no debe cerrarse el caso\u201d, dice Claudia Sheinbaum a padres de los 43"},"content":{"rendered":"\n<p><strong><em>&#8212; Anuncia la presidenta de M\u00e9xico nueva detenci\u00f3n del caso Ayotzinapa<\/em><\/strong><\/p>\n\n\n\n<p><strong>Jes\u00fas Dorantes<\/strong><\/p>\n\n\n\n<p><strong>Chilpancingo, Gro.-<\/strong> La presidenta Claudia Sheinboum Pardo confirm\u00f3 una nueva detenci\u00f3n en el Caso Ayotzinapa, adem\u00e1s de calificar como buena la reuni\u00f3n que sostuvo el d\u00eda mi\u00e9rcoles con madres y padres de los 43, la cual formar\u00e1 parte de m\u00e1s encuentros que se van a desarrollar hasta dar con el paradero de todos los estudiantes desaparecidos.<\/p>\n\n\n\n<p>Durante la rueda de prensa matutina denominada \u201cLa Ma\u00f1anera del Pueblo\u201d, la presidenta fue cuestionada sobre la reuni\u00f3n que sostuvo con los padres y madres de los j\u00f3venes desaparecidos el 26 y 27 de septiembre de 2014, en Iguala de la Independencia.<\/p>\n\n\n\n<p>Sheinbaum Pardo calific\u00f3 el encuentro como bueno, ya que se busca evitar desacuerdos y propiciar una nueva etapa de la investigaci\u00f3n.<\/p>\n\n\n\n<p>\u201cFue una buena reuni\u00f3n, la idea es no confrontarnos, m\u00e1s bien, buscar la salida, les planteaba que yo estoy de acuerdo con las cartas que en su momento envi\u00f3 el presidente Andr\u00e9s Manuel L\u00f3pez Obrador, pero que se trata de no entrar nuevamente a un esquema de decir una cosa o la otra, si no que encontremos nuevos lugares de b\u00fasqueda a partir de esta nueva visi\u00f3n del caso\u201d.<\/p>\n\n\n\n<p>Tambien dio a conocer que se est\u00e1n siguiendo nuevos instrumentos para la investigaci\u00f3n, al igual que un nuevo equipo de trabajo tiene el caso en sus manos, para \u201cllegar a m\u00e1s detenciones y&nbsp; la verdad y la justicia\u201d.<\/p>\n\n\n\n<p>Sin dar nombres, revel\u00f3 que existe una nueva detenci\u00f3n relacionada con los hechos: \u201cAyer hubo otra detenci\u00f3n muy importante del caso Ayotzinapa\u201d.<\/p>\n\n\n\n<p>Asegur\u00f3 que durante su sexenio continuar\u00e1n las reuniones con los padres y madres de los 43, con la certeza de que nunca se cerrar\u00e1 el caso hasta dar con el paradero&nbsp;de todos los estudiantes.<\/p>\n","protected":false},"excerpt":{"rendered":"<p>&#8212; Anuncia la presidenta de M\u00e9xico nueva detenci\u00f3n del caso Ayotzinapa Jes\u00fas Dorantes Chilpancingo, Gro.- La presidenta Claudia Sheinboum Pardo confirm\u00f3 una nueva detenci\u00f3n en el Caso Ayotzinapa, adem\u00e1s de&hellip; <\/p>\n","protected":false},"author":8,"featured_media":84983,"comment_status":"open","ping_status":"open","sticky":false,"template":"","format":"standard","meta":{"fifu_image_url":"","fifu_image_alt":"","footnotes":""},"categories":[11],"tags":[],"class_list":["post-84982","post","type-post","status-publish","format-standard","has-post-thumbnail","hentry","category-guerrero"],"_links":{"self":[{"href":"https:\/\/www.interaccionnoticias.com.mx\/index.php?rest_route=\/wp\/v2\/posts\/84982","targetHints":{"allow":["GET"]}}],"collection":[{"href":"https:\/\/www.interaccionnoticias.com.mx\/index.php?rest_route=\/wp\/v2\/posts"}],"about":[{"href":"https:\/\/www.interaccionnoticias.com.mx\/index.php?rest_route=\/wp\/v2\/types\/post"}],"author":[{"embeddable":true,"href":"https:\/\/www.interaccionnoticias.com.mx\/index.php?rest_route=\/wp\/v2\/users\/8"}],"replies":[{"embeddable":true,"href":"https:\/\/www.interaccionnoticias.com.mx\/index.php?rest_route=%2Fwp%2Fv2%2Fcomments&post=84982"}],"version-history":[{"count":2,"href":"https:\/\/www.interaccionnoticias.com.mx\/index.php?rest_route=\/wp\/v2\/posts\/84982\/revisions"}],"predecessor-version":[{"id":84985,"href":"https:\/\/www.interaccionnoticias.com.mx\/index.php?rest_route=\/wp\/v2\/posts\/84982\/revisions\/84985"}],"wp:featuredmedia":[{"embeddable":true,"href":"https:\/\/www.interaccionnoticias.com.mx\/index.php?rest_route=\/wp\/v2\/media\/84983"}],"wp:attachment":[{"href":"https:\/\/www.interaccionnoticias.com.mx\/index.php?rest_route=%2Fwp%2Fv2%2Fmedia&parent=84982"}],"wp:term":[{"taxonomy":"category","embeddable":true,"href":"https:\/\/www.interaccionnoticias.com.mx\/index.php?rest_route=%2Fwp%2Fv2%2Fcategories&post=84982"},{"taxonomy":"post_tag","embeddable":true,"href":"https:\/\/www.interaccionnoticias.com.mx\/index.php?rest_route=%2Fwp%2Fv2%2Ftags&post=84982"}],"curies":[{"name":"wp","href":"https:\/\/api.w.org\/{rel}","templated":true}]}}