{"id":84963,"date":"2024-12-04T18:34:00","date_gmt":"2024-12-05T00:34:00","guid":{"rendered":"https:\/\/www.interaccionnoticias.com.mx\/?p=84963"},"modified":"2024-12-04T23:13:27","modified_gmt":"2024-12-05T05:13:27","slug":"a-un-dia-de-comparecer-ante-el-congreso-destituyen-al-secretario-del-trabajo-de-guerrero","status":"publish","type":"post","link":"https:\/\/www.interaccionnoticias.com.mx\/?p=84963","title":{"rendered":"A un d\u00eda de comparecer ante el Congreso, destituyen al Secretario del Trabajo de Guerrero"},"content":{"rendered":"\n<p><strong><em>&#8212; Luis Armando Ba\u00f1os Rend\u00f3n fue sustituido por Omar Estrada Bustos, quien era director del ICATEGRO<\/em><\/strong><\/p>\n\n\n\n<p><strong>Yasm\u00edn Garc\u00eda<\/strong><\/p>\n\n\n\n<p>La gobernadora de Guerrero Evelyn Salgado Pineda anunci\u00f3 el cambio del titular de la Secretar\u00eda de Trabajo y Previsi\u00f3n Social (STyPS), Luis Armando Ba\u00f1os Rend\u00f3n, a un d\u00eda de que acudiera a comparecer ante el Congreso local.<\/p>\n\n\n\n<p>Armando Ba\u00f1os fue relevado por Omar Estrada Bustos, quien era director general del Instituto de Capacitaci\u00f3n para el Trabajo del Estado de Guerrero (ICATEGRO).<\/p>\n\n\n\n<p>En lugar de Omar Estrada fue designado Marco Antonio Marban Galv\u00e1n, quien era subsecretario de Educaci\u00f3n Superior y Media Superior de la Secretar\u00eda de Educaci\u00f3n Guerrero (SEG).<\/p>\n\n\n\n<p>Marban Galv\u00e1n es allegado al senador de la rep\u00fablica y padre de la gobernadora, F\u00e9lix Salgado Macedonio<\/p>\n\n\n\n<p>La titular del poder ejecutivo colg\u00f3 una publicaci\u00f3n en su p\u00e1gina de Facebook en donde inform\u00f3 del cambio de la STyPS.<\/p>\n\n\n\n<p>\u00abLes informo que a partir de este d\u00eda, Omar Estrada Bustos asumi\u00f3 la titularidad de la Secretar\u00eda del Trabajo y Previsi\u00f3n Social de Guerrero, con el compromiso de seguir impulsando acciones que promuevan un desarrollo laboral justo, equitativo y lleno de oportunidades para todas y todos. Agradezco a Luis Armando Ba\u00f1os Rend\u00f3n por su dedicaci\u00f3n y esfuerzo al frente de esta importante dependencia en la que dej\u00f3 una huella positiva\u00bb dice la publicaci\u00f3n.<\/p>\n\n\n\n<p>En la comparecencia Ba\u00f1os Rend\u00f3n fue cuestionado sobre los altos \u00edndices de trabajo infantil en Guerrero, adem\u00e1s del cierre de la Juntas de Conciliaci\u00f3n y Arbitraje 1 y 2 en Acapulco, tras el paso del hurac\u00e1n Otis.<\/p>\n","protected":false},"excerpt":{"rendered":"<p>&#8212; Luis Armando Ba\u00f1os Rend\u00f3n fue sustituido por Omar Estrada Bustos, quien era director del ICATEGRO Yasm\u00edn Garc\u00eda La gobernadora de Guerrero Evelyn Salgado Pineda anunci\u00f3 el cambio del titular&hellip; <\/p>\n","protected":false},"author":32,"featured_media":84964,"comment_status":"open","ping_status":"open","sticky":false,"template":"","format":"standard","meta":{"fifu_image_url":"","fifu_image_alt":"","footnotes":""},"categories":[11],"tags":[],"class_list":["post-84963","post","type-post","status-publish","format-standard","has-post-thumbnail","hentry","category-guerrero"],"_links":{"self":[{"href":"https:\/\/www.interaccionnoticias.com.mx\/index.php?rest_route=\/wp\/v2\/posts\/84963","targetHints":{"allow":["GET"]}}],"collection":[{"href":"https:\/\/www.interaccionnoticias.com.mx\/index.php?rest_route=\/wp\/v2\/posts"}],"about":[{"href":"https:\/\/www.interaccionnoticias.com.mx\/index.php?rest_route=\/wp\/v2\/types\/post"}],"author":[{"embeddable":true,"href":"https:\/\/www.interaccionnoticias.com.mx\/index.php?rest_route=\/wp\/v2\/users\/32"}],"replies":[{"embeddable":true,"href":"https:\/\/www.interaccionnoticias.com.mx\/index.php?rest_route=%2Fwp%2Fv2%2Fcomments&post=84963"}],"version-history":[{"count":1,"href":"https:\/\/www.interaccionnoticias.com.mx\/index.php?rest_route=\/wp\/v2\/posts\/84963\/revisions"}],"predecessor-version":[{"id":84965,"href":"https:\/\/www.interaccionnoticias.com.mx\/index.php?rest_route=\/wp\/v2\/posts\/84963\/revisions\/84965"}],"wp:featuredmedia":[{"embeddable":true,"href":"https:\/\/www.interaccionnoticias.com.mx\/index.php?rest_route=\/wp\/v2\/media\/84964"}],"wp:attachment":[{"href":"https:\/\/www.interaccionnoticias.com.mx\/index.php?rest_route=%2Fwp%2Fv2%2Fmedia&parent=84963"}],"wp:term":[{"taxonomy":"category","embeddable":true,"href":"https:\/\/www.interaccionnoticias.com.mx\/index.php?rest_route=%2Fwp%2Fv2%2Fcategories&post=84963"},{"taxonomy":"post_tag","embeddable":true,"href":"https:\/\/www.interaccionnoticias.com.mx\/index.php?rest_route=%2Fwp%2Fv2%2Ftags&post=84963"}],"curies":[{"name":"wp","href":"https:\/\/api.w.org\/{rel}","templated":true}]}}