{"id":8489,"date":"2017-09-25T17:24:05","date_gmt":"2017-09-25T22:24:05","guid":{"rendered":"http:\/\/www.inter-accion.com.mx\/?p=8489"},"modified":"2017-09-25T17:24:05","modified_gmt":"2017-09-25T22:24:05","slug":"toman-clases-en-la-calle-en-acapulco","status":"publish","type":"post","link":"https:\/\/www.interaccionnoticias.com.mx\/?p=8489","title":{"rendered":"Toman clases en la calle en Acapulco"},"content":{"rendered":"<p><strong>Por temor a complicaciones&nbsp;<\/strong><br \/>\n<br \/>\n<strong>Acapulco, Gro.-<\/strong> \u00abNo quiero un sal\u00f3n roto\u00bb, reza una cartulina donde alumnos de la escuela primaria \u00abModesto Alarc\u00f3n\u00bb, toman clases en la calle 8 de Marzo, en la colonia centro del municipio de Atoyac de \u00c1lvarez.<br \/>\nDesde las ocho de la ma\u00f1ana m\u00e1s de 500 alumnos del turno matutino salieron a la calle con sus butacas a recibir clases por parte de sus maestros.<br \/>\nEn el acceso principal de la escuela primaria se puede leer una manta que dice: \u00abSr Gobernador\u00bb, la demolici\u00f3n y construcci\u00f3n del edificio \u00abB\u00bb, de la Escuela Primaria Modesto Alarc\u00f3n.<br \/>\nMientras maestros imparten clases a unos 500 alumnos, que tiene de matr\u00edcula escolar en<br \/>\nel turno matutino y 153 del vespertino, y este lunes fueron sacados a la calle para recibir las clases.<br \/>\nLos anterior es parte de la protesta debido a que hay un edificios dentro del plantel que esta en muy malas condiciones, dicen docentes.<br \/>\n\u00abYa existe un dictamen de Protecci\u00f3n Civil y que adem\u00e1s de que ya est\u00e1 un dictamen de Protecci\u00f3n Civil que se\u00f1ala que este edificio no debe ser utilizado.&nbsp;<br \/>\n\u00abAdem\u00e1s en el mes de Febrero el Fonden liber\u00f3 los recursos para la demolici\u00f3n y reconstrucci\u00f3n de un nuevo edificio. Sin embargo, ya pas\u00f3 febrero y no se han aplicado<br \/>\nestos recursos\u00bb, se quej\u00f3 Agust\u00edn Salmeron Leyva, director del plantel educativo.<br \/>\nSe detalla que debido a los temblores del pasado 7 de septiembre y del 19 de septiembre maestros y padres de familia tomaron la decisi\u00f3n de dejar de utilizar 8 aulas que est\u00e1n en malas condiciones en la escuela&nbsp;<br \/>\nEste lunes a manera de presi\u00f3n regresaron a clases pero ya no se metieron a la escuela, sino que sacaron muebles y ni\u00f1os para recibir clases en la calle de Atoyac de \u00c1lvarez.<br \/>\nLos padres de familia cerraron las calles, atravesaron los veh\u00edculos y acordonaron el \u00e1rea<br \/>\npara evitar alg\u00fan accidente a los alumnos.<\/p>\n","protected":false},"excerpt":{"rendered":"<p>Por temor a complicaciones&nbsp; Acapulco, Gro.- \u00abNo quiero un sal\u00f3n roto\u00bb, reza una cartulina donde alumnos de la escuela primaria \u00abModesto Alarc\u00f3n\u00bb, toman clases en la calle 8 de Marzo,&hellip; <\/p>\n","protected":false},"author":1,"featured_media":0,"comment_status":"closed","ping_status":"closed","sticky":false,"template":"","format":"standard","meta":{"fifu_image_url":"","fifu_image_alt":"","footnotes":""},"categories":[6,8],"tags":[],"class_list":["post-8489","post","type-post","status-publish","format-standard","hentry","category-educacion","category-featured"],"_links":{"self":[{"href":"https:\/\/www.interaccionnoticias.com.mx\/index.php?rest_route=\/wp\/v2\/posts\/8489","targetHints":{"allow":["GET"]}}],"collection":[{"href":"https:\/\/www.interaccionnoticias.com.mx\/index.php?rest_route=\/wp\/v2\/posts"}],"about":[{"href":"https:\/\/www.interaccionnoticias.com.mx\/index.php?rest_route=\/wp\/v2\/types\/post"}],"author":[{"embeddable":true,"href":"https:\/\/www.interaccionnoticias.com.mx\/index.php?rest_route=\/wp\/v2\/users\/1"}],"replies":[{"embeddable":true,"href":"https:\/\/www.interaccionnoticias.com.mx\/index.php?rest_route=%2Fwp%2Fv2%2Fcomments&post=8489"}],"version-history":[{"count":0,"href":"https:\/\/www.interaccionnoticias.com.mx\/index.php?rest_route=\/wp\/v2\/posts\/8489\/revisions"}],"wp:attachment":[{"href":"https:\/\/www.interaccionnoticias.com.mx\/index.php?rest_route=%2Fwp%2Fv2%2Fmedia&parent=8489"}],"wp:term":[{"taxonomy":"category","embeddable":true,"href":"https:\/\/www.interaccionnoticias.com.mx\/index.php?rest_route=%2Fwp%2Fv2%2Fcategories&post=8489"},{"taxonomy":"post_tag","embeddable":true,"href":"https:\/\/www.interaccionnoticias.com.mx\/index.php?rest_route=%2Fwp%2Fv2%2Ftags&post=8489"}],"curies":[{"name":"wp","href":"https:\/\/api.w.org\/{rel}","templated":true}]}}