{"id":8483,"date":"2017-09-25T09:49:47","date_gmt":"2017-09-25T14:49:47","guid":{"rendered":"http:\/\/www.inter-accion.com.mx\/?p=8483"},"modified":"2017-09-25T09:49:47","modified_gmt":"2017-09-25T14:49:47","slug":"maestros-bloquean-la-carretera-federal-chilpancingo-tlapa","status":"publish","type":"post","link":"https:\/\/www.interaccionnoticias.com.mx\/?p=8483","title":{"rendered":"Maestros bloquean la carretera federal Chilpancingo-Tlapa"},"content":{"rendered":"<p><br \/>\n<strong>A la altura de Tixtla, exigen seguridad<\/strong><br \/>\nMaestros radicados en Tixtla, pero con adscripci\u00f3n en municipios como Chilapa y Zitlala iniciaron un bloqueo a la carretera federal Chilpancingo-Tlapa, para exigir al gobierno estatal y federal garant\u00edas en sus traslados.<br \/>\nJuan Manuel Acevedo, uno de los manifestantes, se\u00f1al\u00f3 que los trabajadores de la educaci\u00f3n que diariamente se trasladan a Chilapa en el transporte p\u00fablico, se han visto severamente afectados por la pugna que sostienen grupos del crimen organizado.<br \/>\n\u00abA varios compa\u00f1eros les ha tocado ir a bordo cuando las unidades son detenidas, por lo que han visto situaciones nada agradables y viven con mucho temor\u00bb, indic\u00f3.<br \/>\nExplic\u00f3 que es la segunda ocasi\u00f3n en que intentan llamar la atenci\u00f3n de las autoridades, pues la situaci\u00f3n no var\u00eda, pese a los llamados de atenci\u00f3n.<br \/>\nEl cierre de la vialidad comenz\u00f3 antes de las 07:00 horas, los maestros advierten que se van a mover hasta que haya el compromiso de otorgar las garant\u00edas para su traslado.<\/p>\n","protected":false},"excerpt":{"rendered":"<p>A la altura de Tixtla, exigen seguridad Maestros radicados en Tixtla, pero con adscripci\u00f3n en municipios como Chilapa y Zitlala iniciaron un bloqueo a la carretera federal Chilpancingo-Tlapa, para exigir&hellip; <\/p>\n","protected":false},"author":1,"featured_media":0,"comment_status":"closed","ping_status":"closed","sticky":false,"template":"","format":"standard","meta":{"fifu_image_url":"","fifu_image_alt":"","footnotes":""},"categories":[8,15],"tags":[],"class_list":["post-8483","post","type-post","status-publish","format-standard","hentry","category-featured","category-movimientos-sociales"],"_links":{"self":[{"href":"https:\/\/www.interaccionnoticias.com.mx\/index.php?rest_route=\/wp\/v2\/posts\/8483","targetHints":{"allow":["GET"]}}],"collection":[{"href":"https:\/\/www.interaccionnoticias.com.mx\/index.php?rest_route=\/wp\/v2\/posts"}],"about":[{"href":"https:\/\/www.interaccionnoticias.com.mx\/index.php?rest_route=\/wp\/v2\/types\/post"}],"author":[{"embeddable":true,"href":"https:\/\/www.interaccionnoticias.com.mx\/index.php?rest_route=\/wp\/v2\/users\/1"}],"replies":[{"embeddable":true,"href":"https:\/\/www.interaccionnoticias.com.mx\/index.php?rest_route=%2Fwp%2Fv2%2Fcomments&post=8483"}],"version-history":[{"count":0,"href":"https:\/\/www.interaccionnoticias.com.mx\/index.php?rest_route=\/wp\/v2\/posts\/8483\/revisions"}],"wp:attachment":[{"href":"https:\/\/www.interaccionnoticias.com.mx\/index.php?rest_route=%2Fwp%2Fv2%2Fmedia&parent=8483"}],"wp:term":[{"taxonomy":"category","embeddable":true,"href":"https:\/\/www.interaccionnoticias.com.mx\/index.php?rest_route=%2Fwp%2Fv2%2Fcategories&post=8483"},{"taxonomy":"post_tag","embeddable":true,"href":"https:\/\/www.interaccionnoticias.com.mx\/index.php?rest_route=%2Fwp%2Fv2%2Ftags&post=8483"}],"curies":[{"name":"wp","href":"https:\/\/api.w.org\/{rel}","templated":true}]}}