{"id":84749,"date":"2024-11-29T16:46:00","date_gmt":"2024-11-29T22:46:00","guid":{"rendered":"https:\/\/www.interaccionnoticias.com.mx\/?p=84749"},"modified":"2024-11-29T22:12:17","modified_gmt":"2024-11-30T04:12:17","slug":"imss-presenta-a-la-nueva-delegada-en-el-estado","status":"publish","type":"post","link":"https:\/\/www.interaccionnoticias.com.mx\/?p=84749","title":{"rendered":"IMSS presenta a la nueva delegada en el estado"},"content":{"rendered":"\n<p><strong><em>&#8212; La anterior dur\u00f3 en el cargo 6 meses<\/em><\/strong><\/p>\n\n\n\n<p><strong>Rosario Garc\u00eda Orozco<\/strong><\/p>\n\n\n\n<p>El Consejo T\u00e9cnico del Instituto Mexicano del Seguro Social (IMSS) nombr\u00f3 a tres directoras normativas y a 11 nuevas representaciones estatales, en Guerrero design\u00f3 a Mar\u00eda de Lourdes D\u00edaz Espinosa, en sustituci\u00f3n de Sandra Dur\u00e1n V\u00e1zquez, quien estuvo al frente de la delegaci\u00f3n durante 6 meses.<\/p>\n\n\n\n<p>De acuerdo con la informaci\u00f3n oficial, ser\u00e1 hasta el mes de diciembre, cuando entren en funciones los nuevos funcionarios federales del IMSS en el pa\u00eds.<\/p>\n\n\n\n<p>El director general del IMSS, Zo\u00e9 Robledo, dese\u00f3 \u00e9xito a los nuevos funcionarios en sus nuevas tareas, y destac\u00f3 que los pr\u00f3ximos titulares tuvieron altas calificaciones en el reciente Concurso de Oposici\u00f3n.<\/p>\n\n\n\n<p>Los cambios se llevaron a cabo en las representaciones estatales de Chiapas, donde estar\u00e1 al frente Hermilo Dom\u00ednguez Z\u00e1rate, en Guerrero, Mar\u00eda de Lourdes D\u00edaz Espinosa; en Hidalgo, Jorge Luis Zendejas Villanueva; En Estado de M\u00e9xico, Tonatihu Ortiz Castillo; en Nuevo Le\u00f3n, Miralda Aguilar Patraca; en Veracruz Sur, Jorge Mart\u00ednez Torres; en Veracruz Norte, Edith Jim\u00e9nez Mart\u00ednez; en Tlaxcala, Juan Carlos Corona de los Santos; en Tamaulipas, Jos\u00e9 Luis Aranza Aguilar; en Sonora Ang\u00e9lica Mariel Mart\u00ednez L\u00f3pez, y en San Lu\u00eds Potos\u00ed, Ang\u00e9lica Cristina Rodr\u00edguez Nester.<\/p>\n","protected":false},"excerpt":{"rendered":"<p>&#8212; La anterior dur\u00f3 en el cargo 6 meses Rosario Garc\u00eda Orozco El Consejo T\u00e9cnico del Instituto Mexicano del Seguro Social (IMSS) nombr\u00f3 a tres directoras normativas y a 11&hellip; <\/p>\n","protected":false},"author":14,"featured_media":84750,"comment_status":"open","ping_status":"open","sticky":false,"template":"","format":"standard","meta":{"fifu_image_url":"","fifu_image_alt":"","footnotes":""},"categories":[26],"tags":[],"class_list":["post-84749","post","type-post","status-publish","format-standard","has-post-thumbnail","hentry","category-salud"],"_links":{"self":[{"href":"https:\/\/www.interaccionnoticias.com.mx\/index.php?rest_route=\/wp\/v2\/posts\/84749","targetHints":{"allow":["GET"]}}],"collection":[{"href":"https:\/\/www.interaccionnoticias.com.mx\/index.php?rest_route=\/wp\/v2\/posts"}],"about":[{"href":"https:\/\/www.interaccionnoticias.com.mx\/index.php?rest_route=\/wp\/v2\/types\/post"}],"author":[{"embeddable":true,"href":"https:\/\/www.interaccionnoticias.com.mx\/index.php?rest_route=\/wp\/v2\/users\/14"}],"replies":[{"embeddable":true,"href":"https:\/\/www.interaccionnoticias.com.mx\/index.php?rest_route=%2Fwp%2Fv2%2Fcomments&post=84749"}],"version-history":[{"count":1,"href":"https:\/\/www.interaccionnoticias.com.mx\/index.php?rest_route=\/wp\/v2\/posts\/84749\/revisions"}],"predecessor-version":[{"id":84751,"href":"https:\/\/www.interaccionnoticias.com.mx\/index.php?rest_route=\/wp\/v2\/posts\/84749\/revisions\/84751"}],"wp:featuredmedia":[{"embeddable":true,"href":"https:\/\/www.interaccionnoticias.com.mx\/index.php?rest_route=\/wp\/v2\/media\/84750"}],"wp:attachment":[{"href":"https:\/\/www.interaccionnoticias.com.mx\/index.php?rest_route=%2Fwp%2Fv2%2Fmedia&parent=84749"}],"wp:term":[{"taxonomy":"category","embeddable":true,"href":"https:\/\/www.interaccionnoticias.com.mx\/index.php?rest_route=%2Fwp%2Fv2%2Fcategories&post=84749"},{"taxonomy":"post_tag","embeddable":true,"href":"https:\/\/www.interaccionnoticias.com.mx\/index.php?rest_route=%2Fwp%2Fv2%2Ftags&post=84749"}],"curies":[{"name":"wp","href":"https:\/\/api.w.org\/{rel}","templated":true}]}}