{"id":84737,"date":"2024-11-29T16:16:00","date_gmt":"2024-11-29T22:16:00","guid":{"rendered":"https:\/\/www.interaccionnoticias.com.mx\/?p=84737"},"modified":"2024-11-29T21:37:33","modified_gmt":"2024-11-30T03:37:33","slug":"organizaciones-de-la-sociedad-civil-entregaron-reconocimientos-a-elementos-de-bomberos","status":"publish","type":"post","link":"https:\/\/www.interaccionnoticias.com.mx\/?p=84737","title":{"rendered":"Organizaciones de la sociedad civil entregaron reconocimientos a elementos de Bomberos"},"content":{"rendered":"\n<p><strong><em>&#8212; Calificaron a ese sector como los h\u00e9roes sin capa que respaldan a la sociedad<\/em><\/strong><\/p>\n\n\n\n<p><strong>Rosario Garc\u00eda Orozco<\/strong><\/p>\n\n\n\n<p>Integrantes de organizaciones de la sociedad civil entregaron reconocimientos a los elementos del honorable cuerpo de Bomberos del municipio de Chilpancingo, por el trabajo realizado en apoyo de los chilpancingue\u00f1os fen\u00f3menos naturales como los incendios forestales, huracanes e inundaciones.<\/p>\n\n\n\n<p>Alejandro Solano Gonz\u00e1lez, promotor ecologista de la comunidad de Llanos de Tepoxtepec, reconoci\u00f3 que la coordinaci\u00f3n entre la sociedad y las autoridades permiti\u00f3 una mejor atenci\u00f3n a la poblaci\u00f3n afectada por los fen\u00f3menos naturales y del mismo modo, una respuesta m\u00e1s efectiva, \u00abno olvidemos que Chilpancingo fue el primer lugar a nivel nacional en afectaciones por incendios forestales, y ah\u00ed estuvieron presentes nuestros bomberos, y tambi\u00e9n participaron de manera activa en la reforestaci\u00f3n, acciones que permitieron la siembra de 27 mil \u00e1rboles, adem\u00e1s del trabajo que realizan en apoyo a los afectados cuando los fen\u00f3menos hidrometeorol\u00f3gicos nos impactan\u00bb.<\/p>\n\n\n\n<p>El director de Bomberos del municipio, Pedro Barrag\u00e1n Mart\u00ednez, reconoci\u00f3 tambi\u00e9n la colaboraci\u00f3n de la sociedad civil organizada, porque fueron quienes apoyaron a los elementos de Bomberos y Protecci\u00f3n Civil del municipio, al otorgarles alimentaci\u00f3n, herramienta e hidrataci\u00f3n, durante el combate de incendios forestales y el apoyo a la poblaci\u00f3n durante el impacto de huracanes, entre otros hechos.<\/p>\n\n\n\n<p>De la misma manera, el Heroico Cuerpo de Bomberos entreg\u00f3 reconocimientos a los representantes de organizaciones sociales por todo el respaldo que brindan a esa dependencia cuando se requiere el apoyo para prestar un mejor servicio a la poblaci\u00f3n.<\/p>\n\n\n\n<p>Los elementos de Bomberos de la capital de la ciudad se dijeron concientes de los riesgos de su actividad, \u00abpero lo hacemos con gusto, los bomberos lo hacemos con vocaci\u00f3n, con la emoci\u00f3n de prestar un servicio de calidad a los ciudadanos, y reconocemos a la sociedad civil organizada por su apoyo siempre\u00bb.<\/p>\n\n\n\n<p>En esa entrega de reconocimientos estuvieron presentes tambi\u00e9n el presidente de la C\u00e1mara Nacional de Restaurantes y Alimentos Condimentados (Canirac), H\u00e9ctor Salazar, y de la organizaci\u00f3n de Hoteleros de Chilpancingo, Lu\u00eds Felipe Alarc\u00f3n Ju\u00e1rez, entre otras personalidades.<\/p>\n","protected":false},"excerpt":{"rendered":"<p>&#8212; Calificaron a ese sector como los h\u00e9roes sin capa que respaldan a la sociedad Rosario Garc\u00eda Orozco Integrantes de organizaciones de la sociedad civil entregaron reconocimientos a los elementos&hellip; <\/p>\n","protected":false},"author":14,"featured_media":84738,"comment_status":"open","ping_status":"open","sticky":false,"template":"","format":"standard","meta":{"fifu_image_url":"","fifu_image_alt":"","footnotes":""},"categories":[13],"tags":[],"class_list":["post-84737","post","type-post","status-publish","format-standard","has-post-thumbnail","hentry","category-capital"],"_links":{"self":[{"href":"https:\/\/www.interaccionnoticias.com.mx\/index.php?rest_route=\/wp\/v2\/posts\/84737","targetHints":{"allow":["GET"]}}],"collection":[{"href":"https:\/\/www.interaccionnoticias.com.mx\/index.php?rest_route=\/wp\/v2\/posts"}],"about":[{"href":"https:\/\/www.interaccionnoticias.com.mx\/index.php?rest_route=\/wp\/v2\/types\/post"}],"author":[{"embeddable":true,"href":"https:\/\/www.interaccionnoticias.com.mx\/index.php?rest_route=\/wp\/v2\/users\/14"}],"replies":[{"embeddable":true,"href":"https:\/\/www.interaccionnoticias.com.mx\/index.php?rest_route=%2Fwp%2Fv2%2Fcomments&post=84737"}],"version-history":[{"count":1,"href":"https:\/\/www.interaccionnoticias.com.mx\/index.php?rest_route=\/wp\/v2\/posts\/84737\/revisions"}],"predecessor-version":[{"id":84739,"href":"https:\/\/www.interaccionnoticias.com.mx\/index.php?rest_route=\/wp\/v2\/posts\/84737\/revisions\/84739"}],"wp:featuredmedia":[{"embeddable":true,"href":"https:\/\/www.interaccionnoticias.com.mx\/index.php?rest_route=\/wp\/v2\/media\/84738"}],"wp:attachment":[{"href":"https:\/\/www.interaccionnoticias.com.mx\/index.php?rest_route=%2Fwp%2Fv2%2Fmedia&parent=84737"}],"wp:term":[{"taxonomy":"category","embeddable":true,"href":"https:\/\/www.interaccionnoticias.com.mx\/index.php?rest_route=%2Fwp%2Fv2%2Fcategories&post=84737"},{"taxonomy":"post_tag","embeddable":true,"href":"https:\/\/www.interaccionnoticias.com.mx\/index.php?rest_route=%2Fwp%2Fv2%2Ftags&post=84737"}],"curies":[{"name":"wp","href":"https:\/\/api.w.org\/{rel}","templated":true}]}}