{"id":84714,"date":"2024-11-29T14:12:40","date_gmt":"2024-11-29T20:12:40","guid":{"rendered":"https:\/\/www.interaccionnoticias.com.mx\/?p=84714"},"modified":"2024-11-29T14:12:52","modified_gmt":"2024-11-29T20:12:52","slug":"atacan-a-dos-agentes-ministeriales-en-acapulco","status":"publish","type":"post","link":"https:\/\/www.interaccionnoticias.com.mx\/?p=84714","title":{"rendered":"Atacan a dos agentes ministeriales en Acapulco"},"content":{"rendered":"\n<p><em><strong>&#8212; Muere comandante del grupo antisecuestros y un agente resulta lesionado<br>&#8212; La FGE inici\u00f3 una carpeta de investigaci\u00f3n<\/strong><\/em><\/p>\n\n\n\n<p><strong>Javier Trujillo<\/strong><\/p>\n\n\n\n<p><strong>Acapulco, Gro.-<\/strong> Un ataque armado dej\u00f3 sin vida a un agente de la Polic\u00eda Investigadora Ministerial del grupo antisecuestros y un efectivo lesionado, a inmediaciones de la colonia Cumbres de Figueroa en la zona urbana de Acapulco.<\/p>\n\n\n\n<p>En relaci\u00f3n a los hechos ocurridos durante la ma\u00f1ana del viernes, cuando fueron agredidos agentes de la PIM en la colonia Cumbres de Figueroa, en Acapulco, la Fiscal\u00eda General del Estado, informa que ya se investiga por los delitos de homicidio calificado en agravio de un agente ministerial, y lesiones dolosas en perjuicio de otro elemento.<\/p>\n\n\n\n<p>De acuerdo con los primeros reportes se indica que el comandante del grupo antisecuestros Juan Carlos \u201cA\u201d, iba saliendo de su domicilio acompa\u00f1ado de otro agente de la PIM, y fueron atacados por sujetos armados, que les dispararon desde la parte trasera de la camioneta en que viajaban.<\/p>\n\n\n\n<p>El reporte se dio a conocer aproximadamente a las 08:20 a trav\u00e9s del Servicio de Emergencia del 911, en el que se inform\u00f3 que hab\u00eda un agente muerto y uno herido, tras la agresi\u00f3n armada el agente fue trasladado por una unidad del Centro de Urgencias M\u00e9dicas de Acapulco (CUMA), a un hospital.<\/p>\n\n\n\n<p>Entre las calles Teotepec y avenida Mexico de la colonia Cumbres de Figueroa, fue atacada la camioneta donde viajaban los dos agentes ministeriales adscritos al grupo antisecuestros.<\/p>\n\n\n\n<p>Hasta la zona de la agresi\u00f3n acudieron los efectivos de la Guardia Nacional, Polic\u00eda Estatal y agentes de la Marina Armada de M\u00e9xico quienes acordonaron la zona para que realizaran las diligencias.<\/p>\n\n\n\n<p>M\u00e1s tarde se orden\u00f3 el levantamiento del cuerpo del comandante Juan Carlos \u201cA\u201d, y fue trasladado por personal del Servicio M\u00e9dico Forense (SEMEFO), en El Quemado.<\/p>\n\n\n\n<p>En lo que va del mes de noviembre se han registrado 57 homicidios dolosos en el puerto de Acapulco.<\/p>\n\n\n\n<p>Cabe mencionar que<\/p>\n\n\n\n<p>Personal de la Polic\u00eda Investigadora Ministerial, acudi\u00f3 al lugar para realizar las indagatorias necesarias, recabar informaci\u00f3n de posibles testigos y ubicar c\u00e1maras de videovigilancia que puedan contribuir al esclarecimiento del ataque armado.<\/p>\n\n\n\n<div class=\"wp-block-jetpack-slideshow aligncenter\" data-effect=\"slide\"><div class=\"wp-block-jetpack-slideshow_container swiper-container\"><ul class=\"wp-block-jetpack-slideshow_swiper-wrapper swiper-wrapper\"><li class=\"wp-block-jetpack-slideshow_slide swiper-slide\"><figure><img decoding=\"async\" src=\"data:image\/gif;base64,R0lGODlhAQABAIAAAAAAAP\/\/\/ywAAAAAAQABAAACAUwAOw==\" fifu-lazy=\"1\" fifu-data-sizes=\"auto\" fifu-data-srcset=\"https:\/\/i0.wp.com\/www.interaccionnoticias.com.mx\/wp-content\/uploads\/2024\/11\/241129-Atacan-ministeriales-Acapulco-4-1024x683.jpg?ssl=1&w=75&resize=75&ssl=1 75w, https:\/\/i0.wp.com\/www.interaccionnoticias.com.mx\/wp-content\/uploads\/2024\/11\/241129-Atacan-ministeriales-Acapulco-4-1024x683.jpg?ssl=1&w=100&resize=100&ssl=1 100w, https:\/\/i0.wp.com\/www.interaccionnoticias.com.mx\/wp-content\/uploads\/2024\/11\/241129-Atacan-ministeriales-Acapulco-4-1024x683.jpg?ssl=1&w=150&resize=150&ssl=1 150w, https:\/\/i0.wp.com\/www.interaccionnoticias.com.mx\/wp-content\/uploads\/2024\/11\/241129-Atacan-ministeriales-Acapulco-4-1024x683.jpg?ssl=1&w=240&resize=240&ssl=1 240w, https:\/\/i0.wp.com\/www.interaccionnoticias.com.mx\/wp-content\/uploads\/2024\/11\/241129-Atacan-ministeriales-Acapulco-4-1024x683.jpg?ssl=1&w=320&resize=320&ssl=1 320w, https:\/\/i0.wp.com\/www.interaccionnoticias.com.mx\/wp-content\/uploads\/2024\/11\/241129-Atacan-ministeriales-Acapulco-4-1024x683.jpg?ssl=1&w=500&resize=500&ssl=1 500w, https:\/\/i0.wp.com\/www.interaccionnoticias.com.mx\/wp-content\/uploads\/2024\/11\/241129-Atacan-ministeriales-Acapulco-4-1024x683.jpg?ssl=1&w=640&resize=640&ssl=1 640w, https:\/\/i0.wp.com\/www.interaccionnoticias.com.mx\/wp-content\/uploads\/2024\/11\/241129-Atacan-ministeriales-Acapulco-4-1024x683.jpg?ssl=1&w=800&resize=800&ssl=1 800w, https:\/\/i0.wp.com\/www.interaccionnoticias.com.mx\/wp-content\/uploads\/2024\/11\/241129-Atacan-ministeriales-Acapulco-4-1024x683.jpg?ssl=1&w=1024&resize=1024&ssl=1 1024w, https:\/\/i0.wp.com\/www.interaccionnoticias.com.mx\/wp-content\/uploads\/2024\/11\/241129-Atacan-ministeriales-Acapulco-4-1024x683.jpg?ssl=1&w=1280&resize=1280&ssl=1 1280w, https:\/\/i0.wp.com\/www.interaccionnoticias.com.mx\/wp-content\/uploads\/2024\/11\/241129-Atacan-ministeriales-Acapulco-4-1024x683.jpg?ssl=1&w=1600&resize=1600&ssl=1 1600w\" alt=\"\" class=\"wp-block-jetpack-slideshow_image wp-image-84717\" data-id=\"84717\" fifu-data-src=\"https:\/\/i0.wp.com\/www.interaccionnoticias.com.mx\/wp-content\/uploads\/2024\/11\/241129-Atacan-ministeriales-Acapulco-4-1024x683.jpg?ssl=1\"\/><\/figure><\/li><li class=\"wp-block-jetpack-slideshow_slide swiper-slide\"><figure><img decoding=\"async\" src=\"data:image\/gif;base64,R0lGODlhAQABAIAAAAAAAP\/\/\/ywAAAAAAQABAAACAUwAOw==\" fifu-lazy=\"1\" fifu-data-sizes=\"auto\" fifu-data-srcset=\"https:\/\/i2.wp.com\/www.interaccionnoticias.com.mx\/wp-content\/uploads\/2024\/11\/241129-Atacan-ministeriales-Acapulco-2-1024x683.jpg?ssl=1&w=75&resize=75&ssl=1 75w, https:\/\/i2.wp.com\/www.interaccionnoticias.com.mx\/wp-content\/uploads\/2024\/11\/241129-Atacan-ministeriales-Acapulco-2-1024x683.jpg?ssl=1&w=100&resize=100&ssl=1 100w, https:\/\/i2.wp.com\/www.interaccionnoticias.com.mx\/wp-content\/uploads\/2024\/11\/241129-Atacan-ministeriales-Acapulco-2-1024x683.jpg?ssl=1&w=150&resize=150&ssl=1 150w, https:\/\/i2.wp.com\/www.interaccionnoticias.com.mx\/wp-content\/uploads\/2024\/11\/241129-Atacan-ministeriales-Acapulco-2-1024x683.jpg?ssl=1&w=240&resize=240&ssl=1 240w, https:\/\/i2.wp.com\/www.interaccionnoticias.com.mx\/wp-content\/uploads\/2024\/11\/241129-Atacan-ministeriales-Acapulco-2-1024x683.jpg?ssl=1&w=320&resize=320&ssl=1 320w, https:\/\/i2.wp.com\/www.interaccionnoticias.com.mx\/wp-content\/uploads\/2024\/11\/241129-Atacan-ministeriales-Acapulco-2-1024x683.jpg?ssl=1&w=500&resize=500&ssl=1 500w, https:\/\/i2.wp.com\/www.interaccionnoticias.com.mx\/wp-content\/uploads\/2024\/11\/241129-Atacan-ministeriales-Acapulco-2-1024x683.jpg?ssl=1&w=640&resize=640&ssl=1 640w, https:\/\/i2.wp.com\/www.interaccionnoticias.com.mx\/wp-content\/uploads\/2024\/11\/241129-Atacan-ministeriales-Acapulco-2-1024x683.jpg?ssl=1&w=800&resize=800&ssl=1 800w, https:\/\/i2.wp.com\/www.interaccionnoticias.com.mx\/wp-content\/uploads\/2024\/11\/241129-Atacan-ministeriales-Acapulco-2-1024x683.jpg?ssl=1&w=1024&resize=1024&ssl=1 1024w, https:\/\/i2.wp.com\/www.interaccionnoticias.com.mx\/wp-content\/uploads\/2024\/11\/241129-Atacan-ministeriales-Acapulco-2-1024x683.jpg?ssl=1&w=1280&resize=1280&ssl=1 1280w, https:\/\/i2.wp.com\/www.interaccionnoticias.com.mx\/wp-content\/uploads\/2024\/11\/241129-Atacan-ministeriales-Acapulco-2-1024x683.jpg?ssl=1&w=1600&resize=1600&ssl=1 1600w\" alt=\"\" class=\"wp-block-jetpack-slideshow_image wp-image-84715\" data-id=\"84715\" fifu-data-src=\"https:\/\/i2.wp.com\/www.interaccionnoticias.com.mx\/wp-content\/uploads\/2024\/11\/241129-Atacan-ministeriales-Acapulco-2-1024x683.jpg?ssl=1\"\/><\/figure><\/li><li class=\"wp-block-jetpack-slideshow_slide swiper-slide\"><figure><img decoding=\"async\" src=\"data:image\/gif;base64,R0lGODlhAQABAIAAAAAAAP\/\/\/ywAAAAAAQABAAACAUwAOw==\" fifu-lazy=\"1\" fifu-data-sizes=\"auto\" fifu-data-srcset=\"https:\/\/i0.wp.com\/www.interaccionnoticias.com.mx\/wp-content\/uploads\/2024\/11\/241129-Atacan-ministeriales-Acapulco-3-1024x683.jpg?ssl=1&w=75&resize=75&ssl=1 75w, https:\/\/i0.wp.com\/www.interaccionnoticias.com.mx\/wp-content\/uploads\/2024\/11\/241129-Atacan-ministeriales-Acapulco-3-1024x683.jpg?ssl=1&w=100&resize=100&ssl=1 100w, https:\/\/i0.wp.com\/www.interaccionnoticias.com.mx\/wp-content\/uploads\/2024\/11\/241129-Atacan-ministeriales-Acapulco-3-1024x683.jpg?ssl=1&w=150&resize=150&ssl=1 150w, https:\/\/i0.wp.com\/www.interaccionnoticias.com.mx\/wp-content\/uploads\/2024\/11\/241129-Atacan-ministeriales-Acapulco-3-1024x683.jpg?ssl=1&w=240&resize=240&ssl=1 240w, https:\/\/i0.wp.com\/www.interaccionnoticias.com.mx\/wp-content\/uploads\/2024\/11\/241129-Atacan-ministeriales-Acapulco-3-1024x683.jpg?ssl=1&w=320&resize=320&ssl=1 320w, https:\/\/i0.wp.com\/www.interaccionnoticias.com.mx\/wp-content\/uploads\/2024\/11\/241129-Atacan-ministeriales-Acapulco-3-1024x683.jpg?ssl=1&w=500&resize=500&ssl=1 500w, https:\/\/i0.wp.com\/www.interaccionnoticias.com.mx\/wp-content\/uploads\/2024\/11\/241129-Atacan-ministeriales-Acapulco-3-1024x683.jpg?ssl=1&w=640&resize=640&ssl=1 640w, https:\/\/i0.wp.com\/www.interaccionnoticias.com.mx\/wp-content\/uploads\/2024\/11\/241129-Atacan-ministeriales-Acapulco-3-1024x683.jpg?ssl=1&w=800&resize=800&ssl=1 800w, https:\/\/i0.wp.com\/www.interaccionnoticias.com.mx\/wp-content\/uploads\/2024\/11\/241129-Atacan-ministeriales-Acapulco-3-1024x683.jpg?ssl=1&w=1024&resize=1024&ssl=1 1024w, https:\/\/i0.wp.com\/www.interaccionnoticias.com.mx\/wp-content\/uploads\/2024\/11\/241129-Atacan-ministeriales-Acapulco-3-1024x683.jpg?ssl=1&w=1280&resize=1280&ssl=1 1280w, https:\/\/i0.wp.com\/www.interaccionnoticias.com.mx\/wp-content\/uploads\/2024\/11\/241129-Atacan-ministeriales-Acapulco-3-1024x683.jpg?ssl=1&w=1600&resize=1600&ssl=1 1600w\" alt=\"\" class=\"wp-block-jetpack-slideshow_image wp-image-84716\" data-id=\"84716\" fifu-data-src=\"https:\/\/i0.wp.com\/www.interaccionnoticias.com.mx\/wp-content\/uploads\/2024\/11\/241129-Atacan-ministeriales-Acapulco-3-1024x683.jpg?ssl=1\"\/><\/figure><\/li><li class=\"wp-block-jetpack-slideshow_slide swiper-slide\"><figure><img decoding=\"async\" src=\"data:image\/gif;base64,R0lGODlhAQABAIAAAAAAAP\/\/\/ywAAAAAAQABAAACAUwAOw==\" fifu-lazy=\"1\" fifu-data-sizes=\"auto\" fifu-data-srcset=\"https:\/\/i1.wp.com\/www.interaccionnoticias.com.mx\/wp-content\/uploads\/2024\/11\/241129-Atacan-ministeriales-Acapulco-1-1024x683.jpg?ssl=1&w=75&resize=75&ssl=1 75w, https:\/\/i1.wp.com\/www.interaccionnoticias.com.mx\/wp-content\/uploads\/2024\/11\/241129-Atacan-ministeriales-Acapulco-1-1024x683.jpg?ssl=1&w=100&resize=100&ssl=1 100w, https:\/\/i1.wp.com\/www.interaccionnoticias.com.mx\/wp-content\/uploads\/2024\/11\/241129-Atacan-ministeriales-Acapulco-1-1024x683.jpg?ssl=1&w=150&resize=150&ssl=1 150w, https:\/\/i1.wp.com\/www.interaccionnoticias.com.mx\/wp-content\/uploads\/2024\/11\/241129-Atacan-ministeriales-Acapulco-1-1024x683.jpg?ssl=1&w=240&resize=240&ssl=1 240w, https:\/\/i1.wp.com\/www.interaccionnoticias.com.mx\/wp-content\/uploads\/2024\/11\/241129-Atacan-ministeriales-Acapulco-1-1024x683.jpg?ssl=1&w=320&resize=320&ssl=1 320w, https:\/\/i1.wp.com\/www.interaccionnoticias.com.mx\/wp-content\/uploads\/2024\/11\/241129-Atacan-ministeriales-Acapulco-1-1024x683.jpg?ssl=1&w=500&resize=500&ssl=1 500w, https:\/\/i1.wp.com\/www.interaccionnoticias.com.mx\/wp-content\/uploads\/2024\/11\/241129-Atacan-ministeriales-Acapulco-1-1024x683.jpg?ssl=1&w=640&resize=640&ssl=1 640w, https:\/\/i1.wp.com\/www.interaccionnoticias.com.mx\/wp-content\/uploads\/2024\/11\/241129-Atacan-ministeriales-Acapulco-1-1024x683.jpg?ssl=1&w=800&resize=800&ssl=1 800w, https:\/\/i1.wp.com\/www.interaccionnoticias.com.mx\/wp-content\/uploads\/2024\/11\/241129-Atacan-ministeriales-Acapulco-1-1024x683.jpg?ssl=1&w=1024&resize=1024&ssl=1 1024w, https:\/\/i1.wp.com\/www.interaccionnoticias.com.mx\/wp-content\/uploads\/2024\/11\/241129-Atacan-ministeriales-Acapulco-1-1024x683.jpg?ssl=1&w=1280&resize=1280&ssl=1 1280w, https:\/\/i1.wp.com\/www.interaccionnoticias.com.mx\/wp-content\/uploads\/2024\/11\/241129-Atacan-ministeriales-Acapulco-1-1024x683.jpg?ssl=1&w=1600&resize=1600&ssl=1 1600w\" alt=\"\" class=\"wp-block-jetpack-slideshow_image wp-image-84718\" data-id=\"84718\" fifu-data-src=\"https:\/\/i1.wp.com\/www.interaccionnoticias.com.mx\/wp-content\/uploads\/2024\/11\/241129-Atacan-ministeriales-Acapulco-1-1024x683.jpg?ssl=1\"\/><\/figure><\/li><\/ul><a class=\"wp-block-jetpack-slideshow_button-prev swiper-button-prev swiper-button-white\" role=\"button\"><\/a><a class=\"wp-block-jetpack-slideshow_button-next swiper-button-next swiper-button-white\" role=\"button\"><\/a><a aria-label=\"Pause Slideshow\" class=\"wp-block-jetpack-slideshow_button-pause\" role=\"button\"><\/a><div class=\"wp-block-jetpack-slideshow_pagination swiper-pagination swiper-pagination-white\"><\/div><\/div><\/div>\n","protected":false},"excerpt":{"rendered":"<p>&#8212; Muere comandante del grupo antisecuestros y un agente resulta lesionado&#8212; La FGE inici\u00f3 una carpeta de investigaci\u00f3n Javier Trujillo Acapulco, Gro.- Un ataque armado dej\u00f3 sin vida a un&hellip; <\/p>\n","protected":false},"author":3,"featured_media":84717,"comment_status":"open","ping_status":"open","sticky":false,"template":"","format":"standard","meta":{"fifu_image_url":"","fifu_image_alt":"","footnotes":""},"categories":[27],"tags":[],"class_list":["post-84714","post","type-post","status-publish","format-standard","has-post-thumbnail","hentry","category-seguridad-publica"],"_links":{"self":[{"href":"https:\/\/www.interaccionnoticias.com.mx\/index.php?rest_route=\/wp\/v2\/posts\/84714","targetHints":{"allow":["GET"]}}],"collection":[{"href":"https:\/\/www.interaccionnoticias.com.mx\/index.php?rest_route=\/wp\/v2\/posts"}],"about":[{"href":"https:\/\/www.interaccionnoticias.com.mx\/index.php?rest_route=\/wp\/v2\/types\/post"}],"author":[{"embeddable":true,"href":"https:\/\/www.interaccionnoticias.com.mx\/index.php?rest_route=\/wp\/v2\/users\/3"}],"replies":[{"embeddable":true,"href":"https:\/\/www.interaccionnoticias.com.mx\/index.php?rest_route=%2Fwp%2Fv2%2Fcomments&post=84714"}],"version-history":[{"count":1,"href":"https:\/\/www.interaccionnoticias.com.mx\/index.php?rest_route=\/wp\/v2\/posts\/84714\/revisions"}],"predecessor-version":[{"id":84719,"href":"https:\/\/www.interaccionnoticias.com.mx\/index.php?rest_route=\/wp\/v2\/posts\/84714\/revisions\/84719"}],"wp:featuredmedia":[{"embeddable":true,"href":"https:\/\/www.interaccionnoticias.com.mx\/index.php?rest_route=\/wp\/v2\/media\/84717"}],"wp:attachment":[{"href":"https:\/\/www.interaccionnoticias.com.mx\/index.php?rest_route=%2Fwp%2Fv2%2Fmedia&parent=84714"}],"wp:term":[{"taxonomy":"category","embeddable":true,"href":"https:\/\/www.interaccionnoticias.com.mx\/index.php?rest_route=%2Fwp%2Fv2%2Fcategories&post=84714"},{"taxonomy":"post_tag","embeddable":true,"href":"https:\/\/www.interaccionnoticias.com.mx\/index.php?rest_route=%2Fwp%2Fv2%2Ftags&post=84714"}],"curies":[{"name":"wp","href":"https:\/\/api.w.org\/{rel}","templated":true}]}}