{"id":84700,"date":"2024-11-28T13:10:24","date_gmt":"2024-11-28T19:10:24","guid":{"rendered":"https:\/\/www.interaccionnoticias.com.mx\/?p=84700"},"modified":"2024-11-28T13:10:31","modified_gmt":"2024-11-28T19:10:31","slug":"atacan-y-hieren-a-urbanero-en-acapulco","status":"publish","type":"post","link":"https:\/\/www.interaccionnoticias.com.mx\/?p=84700","title":{"rendered":"Atacan y hieren a urbanero en Acapulco"},"content":{"rendered":"\n<p><em><strong>&#8212; Alcanza a llegar a La Garita y lo auxilia una ambulancia<br>&#8212; La v\u00edctima recibi\u00f3 un disparo de arma de fuego en la pierna<\/strong><\/em><\/p>\n\n\n\n<p><strong>Javier Trujillo<\/strong><\/p>\n\n\n\n<p><strong>Acapulco, Gro.- <\/strong>Un ch\u00f3fer de un cami\u00f3n urbano del servicio p\u00fablico que cubre la ruta Base-Costera-Zapata fue atacado a balazos en la carretera nacional M\u00e9xico Acapulco.<\/p>\n\n\n\n<p>Los hechos fueron reportados al filo de las 08:30 horas en la avenida Cuauht\u00e9moc, en la colonia Garita, en la zona urbana de este destino tur\u00edstico.<\/p>\n\n\n\n<p>El cami\u00f3n urbano con placas de circulaci\u00f3n A-36955-K, se inform\u00f3 que fue atacado en la carretera federal, y el ch\u00f3fer sigui\u00f3 manejando y estacion\u00f3 la unidad al llegar a la iglesia de la colonia Garita, hasta donde llegaron agentes de Seguridad P\u00fablica de Acapulco.<\/p>\n\n\n\n<p>Minutos despu\u00e9s arribo una ambulancia de para atender al ch\u00f3fer del cami\u00f3n urbano que presentaba una herida de bala en la pierna derecha, seg\u00fan versi\u00f3n del ayudante que lo acompa\u00f1aba.<\/p>\n\n\n\n<p>El cami\u00f3n con la leyenda Ghostbusters y n\u00famero econ\u00f3mico 801, qued\u00f3 estacionado casi frente a la parroquia \u00abEl Se\u00f1or del Perd\u00f3n\u00bb, ah\u00ed estaba una patrulla de la secretaria de Seguridad P\u00fablica del puerto de Acapulco.<\/p>\n\n\n\n<p>La agresi\u00f3n ocurri\u00f3 a pesar que desde hace m\u00e1s de cinco meses la autoridad federal, despleg\u00f3 un operativo de seguridad y de vigilancia en cada unidad con dos agentes de la Guardia Nacional.<\/p>\n","protected":false},"excerpt":{"rendered":"<p>&#8212; Alcanza a llegar a La Garita y lo auxilia una ambulancia&#8212; La v\u00edctima recibi\u00f3 un disparo de arma de fuego en la pierna Javier Trujillo Acapulco, Gro.- Un ch\u00f3fer&hellip; <\/p>\n","protected":false},"author":3,"featured_media":84701,"comment_status":"open","ping_status":"open","sticky":false,"template":"","format":"standard","meta":{"fifu_image_url":"","fifu_image_alt":"","footnotes":""},"categories":[27],"tags":[],"class_list":["post-84700","post","type-post","status-publish","format-standard","has-post-thumbnail","hentry","category-seguridad-publica"],"_links":{"self":[{"href":"https:\/\/www.interaccionnoticias.com.mx\/index.php?rest_route=\/wp\/v2\/posts\/84700","targetHints":{"allow":["GET"]}}],"collection":[{"href":"https:\/\/www.interaccionnoticias.com.mx\/index.php?rest_route=\/wp\/v2\/posts"}],"about":[{"href":"https:\/\/www.interaccionnoticias.com.mx\/index.php?rest_route=\/wp\/v2\/types\/post"}],"author":[{"embeddable":true,"href":"https:\/\/www.interaccionnoticias.com.mx\/index.php?rest_route=\/wp\/v2\/users\/3"}],"replies":[{"embeddable":true,"href":"https:\/\/www.interaccionnoticias.com.mx\/index.php?rest_route=%2Fwp%2Fv2%2Fcomments&post=84700"}],"version-history":[{"count":1,"href":"https:\/\/www.interaccionnoticias.com.mx\/index.php?rest_route=\/wp\/v2\/posts\/84700\/revisions"}],"predecessor-version":[{"id":84702,"href":"https:\/\/www.interaccionnoticias.com.mx\/index.php?rest_route=\/wp\/v2\/posts\/84700\/revisions\/84702"}],"wp:featuredmedia":[{"embeddable":true,"href":"https:\/\/www.interaccionnoticias.com.mx\/index.php?rest_route=\/wp\/v2\/media\/84701"}],"wp:attachment":[{"href":"https:\/\/www.interaccionnoticias.com.mx\/index.php?rest_route=%2Fwp%2Fv2%2Fmedia&parent=84700"}],"wp:term":[{"taxonomy":"category","embeddable":true,"href":"https:\/\/www.interaccionnoticias.com.mx\/index.php?rest_route=%2Fwp%2Fv2%2Fcategories&post=84700"},{"taxonomy":"post_tag","embeddable":true,"href":"https:\/\/www.interaccionnoticias.com.mx\/index.php?rest_route=%2Fwp%2Fv2%2Ftags&post=84700"}],"curies":[{"name":"wp","href":"https:\/\/api.w.org\/{rel}","templated":true}]}}