{"id":84697,"date":"2024-11-28T09:15:00","date_gmt":"2024-11-28T15:15:00","guid":{"rendered":"https:\/\/www.interaccionnoticias.com.mx\/?p=84697"},"modified":"2024-11-28T13:07:40","modified_gmt":"2024-11-28T19:07:40","slug":"cae-camion-de-carga-desde-puente-elevado-en-eduardo-neri-muere-el-chofer","status":"publish","type":"post","link":"https:\/\/www.interaccionnoticias.com.mx\/?p=84697","title":{"rendered":"Cae cami\u00f3n de carga desde puente elevado en Eduardo Neri, muere el chofer"},"content":{"rendered":"\n<p><strong><em>&#8212; Se movilizan cuerpos de auxilio y corporaciones policiacas<\/em><\/strong><\/p>\n\n\n\n<p><strong>Jes\u00fas Dorantes<\/strong><\/p>\n\n\n\n<p><strong>Chilpancingo, Gro.- <\/strong>Un cami\u00f3n de carga tipo torton que transportaba verduras, cay\u00f3 desde el puente elevado del boulevard Sentimientos de la Naci\u00f3n hac\u00eda la carretera lateral, cuando el chofer esquiv\u00f3 una vaca que cruzaba la v\u00eda de comunicaci\u00f3n.<\/p>\n\n\n\n<p>La madrugada de este jueves, alrededor de las 03:00 horas se report\u00f3 la ca\u00edda de un cami\u00f3n desde la parte alta del bulevar Sentimientos de la Naci\u00f3n, en el municipio que se encuentra a 20 minutos de la capital del estado.<\/p>\n\n\n\n<p>Los primeros reportes indican que el veh\u00edculo de carga de color azul, mismo que transportaba verduras y circulaba por los carriles norte \u2013 sur, pero perdi\u00f3 el control de este luego de intentar esquivar a una vaca que hab\u00eda subido al puente elevado.<\/p>\n\n\n\n<p>Al caer hacia el lateral, el cami\u00f3n cay\u00f3 sobre la cabina dejando prensado al chofer, por lo que los servicios de emergencia trabajaron durante varias horas para liberar el cuerpo qu\u00e9 ya no presentaba signos vitales.<\/p>\n\n\n\n<p>Para las 07:00 horas del mismo jueves el conductor del veh\u00edculo fue trasladado al Servicio M\u00e9dico Forense (SEMEFO) en calidad desconocido.<\/p>\n","protected":false},"excerpt":{"rendered":"<p>&#8212; Se movilizan cuerpos de auxilio y corporaciones policiacas Jes\u00fas Dorantes Chilpancingo, Gro.- Un cami\u00f3n de carga tipo torton que transportaba verduras, cay\u00f3 desde el puente elevado del boulevard Sentimientos&hellip; <\/p>\n","protected":false},"author":8,"featured_media":84698,"comment_status":"open","ping_status":"open","sticky":false,"template":"","format":"standard","meta":{"fifu_image_url":"","fifu_image_alt":"","footnotes":""},"categories":[27],"tags":[],"class_list":["post-84697","post","type-post","status-publish","format-standard","has-post-thumbnail","hentry","category-seguridad-publica"],"_links":{"self":[{"href":"https:\/\/www.interaccionnoticias.com.mx\/index.php?rest_route=\/wp\/v2\/posts\/84697","targetHints":{"allow":["GET"]}}],"collection":[{"href":"https:\/\/www.interaccionnoticias.com.mx\/index.php?rest_route=\/wp\/v2\/posts"}],"about":[{"href":"https:\/\/www.interaccionnoticias.com.mx\/index.php?rest_route=\/wp\/v2\/types\/post"}],"author":[{"embeddable":true,"href":"https:\/\/www.interaccionnoticias.com.mx\/index.php?rest_route=\/wp\/v2\/users\/8"}],"replies":[{"embeddable":true,"href":"https:\/\/www.interaccionnoticias.com.mx\/index.php?rest_route=%2Fwp%2Fv2%2Fcomments&post=84697"}],"version-history":[{"count":1,"href":"https:\/\/www.interaccionnoticias.com.mx\/index.php?rest_route=\/wp\/v2\/posts\/84697\/revisions"}],"predecessor-version":[{"id":84699,"href":"https:\/\/www.interaccionnoticias.com.mx\/index.php?rest_route=\/wp\/v2\/posts\/84697\/revisions\/84699"}],"wp:featuredmedia":[{"embeddable":true,"href":"https:\/\/www.interaccionnoticias.com.mx\/index.php?rest_route=\/wp\/v2\/media\/84698"}],"wp:attachment":[{"href":"https:\/\/www.interaccionnoticias.com.mx\/index.php?rest_route=%2Fwp%2Fv2%2Fmedia&parent=84697"}],"wp:term":[{"taxonomy":"category","embeddable":true,"href":"https:\/\/www.interaccionnoticias.com.mx\/index.php?rest_route=%2Fwp%2Fv2%2Fcategories&post=84697"},{"taxonomy":"post_tag","embeddable":true,"href":"https:\/\/www.interaccionnoticias.com.mx\/index.php?rest_route=%2Fwp%2Fv2%2Ftags&post=84697"}],"curies":[{"name":"wp","href":"https:\/\/api.w.org\/{rel}","templated":true}]}}