{"id":84683,"date":"2024-11-27T20:24:14","date_gmt":"2024-11-28T02:24:14","guid":{"rendered":"https:\/\/www.interaccionnoticias.com.mx\/?p=84683"},"modified":"2024-11-27T20:24:17","modified_gmt":"2024-11-28T02:24:17","slug":"con-bloqueo-exigen-15-profesores-de-educacion-indigena-en-chilapa-quechultenango-y-hueycantenango","status":"publish","type":"post","link":"https:\/\/www.interaccionnoticias.com.mx\/?p=84683","title":{"rendered":"Con bloqueo, exigen 15 profesores de Educaci\u00f3n Ind\u00edgena en Chilapa, Quechultenango y Hueycantenango"},"content":{"rendered":"\n<p><strong><em>&#8212; Manifestantes de tres municipios denuncian cierre de escuelas por falta de docentes<\/em><\/strong><\/p>\n\n\n\n<p><strong>Jes\u00fas Dorantes<\/strong><\/p>\n\n\n\n<p>Chilpancingo, Gro.- Padres de familia, profesores, subdirectores y directores del sistema de Educaci\u00f3n Ind\u00edgena de la Monta\u00f1a Baja bloquearon la avenida L\u00e1zaro C\u00e1rdenas, en el primer cuadro de la capital del estado para exigir la reposici\u00f3n de 15 profesores y la reapertura de escuelas.<\/p>\n\n\n\n<p>La tarde del mi\u00e9rcoles, decenas de manifestantes con pancartas en mano cerraron la circulaci\u00f3n vehicular en ambos sentidos de dicha avenida, con la intenci\u00f3n de exigir a la Unidad Estatal del Sistema para la Carrera de los Maestros y las Maestras (UESICAMM), la reposici\u00f3n de 15 recursos (profesores) de los niveles preescolar y primaria.<\/p>\n\n\n\n<p>En entrevista, los inconformes que pidieron reservar sus nombres por motivos de seguridad, se\u00f1alaron que son 15 escuelas cerradas por falta de profesores de Educaci\u00f3n Ind\u00edgena, particularmente en comunidades pertenecientes a los municipios de Chilapa de \u00c1lvarez, Quechultenango y Jos\u00e9 Joaqu\u00edn de Herrera.<\/p>\n\n\n\n<p>Mencionaron el caso de Mezcalcingo, donde no se envi\u00f3 un profesor a pesar de que se tiene una matr\u00edcula de 410 alumnos, por lo que siguen sin clases hasta que la Secretar\u00eda de Educaci\u00f3n Guerrero (SEG) resuelva la situaci\u00f3n.<\/p>\n\n\n\n<p>El bloqueo inici\u00f3 pasada de las 14:00 y culmin\u00f3 despu\u00e9s de las 17:00, luego de que se estableciera una mesa de di\u00e1logo con la SEG.<\/p>\n","protected":false},"excerpt":{"rendered":"<p>&#8212; Manifestantes de tres municipios denuncian cierre de escuelas por falta de docentes Jes\u00fas Dorantes Chilpancingo, Gro.- Padres de familia, profesores, subdirectores y directores del sistema de Educaci\u00f3n Ind\u00edgena de&hellip; <\/p>\n","protected":false},"author":8,"featured_media":84684,"comment_status":"open","ping_status":"open","sticky":false,"template":"","format":"standard","meta":{"fifu_image_url":"","fifu_image_alt":"","footnotes":""},"categories":[6],"tags":[],"class_list":["post-84683","post","type-post","status-publish","format-standard","has-post-thumbnail","hentry","category-educacion"],"_links":{"self":[{"href":"https:\/\/www.interaccionnoticias.com.mx\/index.php?rest_route=\/wp\/v2\/posts\/84683","targetHints":{"allow":["GET"]}}],"collection":[{"href":"https:\/\/www.interaccionnoticias.com.mx\/index.php?rest_route=\/wp\/v2\/posts"}],"about":[{"href":"https:\/\/www.interaccionnoticias.com.mx\/index.php?rest_route=\/wp\/v2\/types\/post"}],"author":[{"embeddable":true,"href":"https:\/\/www.interaccionnoticias.com.mx\/index.php?rest_route=\/wp\/v2\/users\/8"}],"replies":[{"embeddable":true,"href":"https:\/\/www.interaccionnoticias.com.mx\/index.php?rest_route=%2Fwp%2Fv2%2Fcomments&post=84683"}],"version-history":[{"count":1,"href":"https:\/\/www.interaccionnoticias.com.mx\/index.php?rest_route=\/wp\/v2\/posts\/84683\/revisions"}],"predecessor-version":[{"id":84685,"href":"https:\/\/www.interaccionnoticias.com.mx\/index.php?rest_route=\/wp\/v2\/posts\/84683\/revisions\/84685"}],"wp:featuredmedia":[{"embeddable":true,"href":"https:\/\/www.interaccionnoticias.com.mx\/index.php?rest_route=\/wp\/v2\/media\/84684"}],"wp:attachment":[{"href":"https:\/\/www.interaccionnoticias.com.mx\/index.php?rest_route=%2Fwp%2Fv2%2Fmedia&parent=84683"}],"wp:term":[{"taxonomy":"category","embeddable":true,"href":"https:\/\/www.interaccionnoticias.com.mx\/index.php?rest_route=%2Fwp%2Fv2%2Fcategories&post=84683"},{"taxonomy":"post_tag","embeddable":true,"href":"https:\/\/www.interaccionnoticias.com.mx\/index.php?rest_route=%2Fwp%2Fv2%2Ftags&post=84683"}],"curies":[{"name":"wp","href":"https:\/\/api.w.org\/{rel}","templated":true}]}}