{"id":84627,"date":"2024-11-26T13:56:44","date_gmt":"2024-11-26T19:56:44","guid":{"rendered":"https:\/\/www.interaccionnoticias.com.mx\/?p=84627"},"modified":"2024-11-26T13:56:47","modified_gmt":"2024-11-26T19:56:47","slug":"violencia-contra-mujeres-asignatura-pendiente","status":"publish","type":"post","link":"https:\/\/www.interaccionnoticias.com.mx\/?p=84627","title":{"rendered":"Violencia contra mujeres, asignatura pendiente"},"content":{"rendered":"\n<p><strong>MAREM\u00c1GNUM 175<\/strong><\/p>\n\n\n\n<p><strong>Por Ricardo Castillo Barrientos<\/strong><\/p>\n\n\n\n<p>Cada a\u00f1o cobra mayor importancia la fecha 25 de noviembre como \u201cD\u00eda Internacional para la Eliminaci\u00f3n de la Violencia contra las Mujeres\u201d, instituido por la ONU, el 17 de diciembre de 1999, en memoria de las hermanas Mirabal (Mar\u00eda Teresa, Minerva y Patria), activistas dominicanas asesinadas por la dictadura Trujillista, en 1960. Sin embargo, las feministas establecieron este d\u00eda el Primer Encuentro de Feminista Latinoamericano y del Caribe en 1981.<\/p>\n\n\n\n<p>Este grav\u00edsimo problema es parte intr\u00ednseca de la realidad social, donde la violencia en sus distintas variantes permea en amplios sectores y segmentos de la sociedad, imperando la violencia f\u00edsica, sobre otras formas de violencias.<\/p>\n\n\n\n<p>Esta fecha no es de celebraci\u00f3n ni conmemorativa como otras fechas relevantes, sino de acciones concretas tendientes a eliminar o impedir agresiones de diversa naturaleza, propiciada por la ancestral esencia machista, en declive al paso del tiempo, por los avances y conquista de mayores derechos de las mujeres a nivel internacional, en especial, en pa\u00edses subdesarrollados y en v\u00edas de desarrollo.<\/p>\n\n\n\n<p>En esta tesitura, el \u201cD\u00eda Internacional para la Eliminaci\u00f3n de la Violencia contra las Mujeres\u201d, se sustenta en los siguientes objetivos:<\/p>\n\n\n\n<p>1.- Concienciar sobre la problem\u00e1tica de la violencia de g\u00e9nero: Visibilizar las diversas formas de violencia (f\u00edsica, psicol\u00f3gica, sexual, econ\u00f3mica, laboral, entre otras) que afectan a mujeres y ni\u00f1as.<\/p>\n\n\n\n<p>2.- Promover acciones para prevenir y erradicar la violencia: Impulsar pol\u00edticas p\u00fablicas, programas de educaci\u00f3n y campa\u00f1as sociales que contribuyan a prevenir la violencia y proteger a las v\u00edctimas.<\/p>\n\n\n\n<p>3,- Recordar a las v\u00edctimas de la violencia de g\u00e9nero: Honrar la memoria de las mujeres que han sufrido o perdido la vida como consecuencia de esta problem\u00e1tica.<\/p>\n\n\n\n<p>4.- Fomentar la igualdad de g\u00e9nero: Resaltar la necesidad de la igualdad en derechos y oportunidades para prevenir la discriminaci\u00f3n y las din\u00e1micas de poder desiguales que generan violencia.<\/p>\n\n\n\n<p>5.- Unir esfuerzos globales: Movilizar a gobiernos, organizaciones internacionales, sociedad civil y personas en general para trabajar de manera conjunta en la eliminaci\u00f3n de la violencia contra las mujeres.<\/p>\n\n\n\n<p>Este d\u00eda tambi\u00e9n marca el inicio de 16 d\u00edas de Activismo contra la Violencia de G\u00e9nero, que culminan el 10 de diciembre, \u201cD\u00eda Internacional de los Derechos Humanos\u201d.<\/p>\n\n\n\n<p>En Guerrero, ante la frecuencia de delitos de mayor o menor impacto hacia las mujeres como feminicidios y agresiones f\u00edsicas, se est\u00e1n desarrollando acciones de prevenci\u00f3n, contenci\u00f3n, protecci\u00f3n y seguridad a favor de las mujeres, a fin de abatir los \u00edndices de violencia con programas como \u201cAlerta de G\u00e9nero\u201d (Alerta de violencia contra mujeres), \u201cProtocolo Violeta\u201d (Herramienta de Emergencia), \u201cTransporte Violeta\u201d (Seguridad en transporte p\u00fablico), \u201cTarjeta Violeta\u201d (apoyo econ\u00f3mico) y \u201cC\u00f3digo Violeta\u201d (Riesgos de violencia), instituidos por el gobierno de Evelyn Salgado Pineda.<\/p>\n\n\n\n<p>El Programa de Colaboraci\u00f3n Interinstitucional \u201cSomos tu Red de Apoyo\u201d, suscrito por servidores p\u00fablicos de los gobiernos estatal, federal y municipal, tienen el prop\u00f3sito de apoyar a mujeres en riesgo, para proverle la atenci\u00f3n expedita a su emergencia.<\/p>\n\n\n\n<p>La presi\u00f3n ejercida por los movimientos feministas han sido factor clave para que los gobiernos de los tres \u00f3rdenes, est\u00e9n adoptando pol\u00edticas p\u00fablicas en la materia, hasta consolidar una sociedad libre de violencia hacia las mujeres, y as\u00ed caminemos en qaras de la armon\u00eda social a que aspiramos.<\/p>\n\n\n\n<p>Marea Baja. El senador Manuel A\u00f1orve Ba\u00f1os y coordinador del Grupo Parlamentario del PRI, en el Senado de la Rep\u00fablica, no quita el dedo del rengl\u00f3n sobre la persistencia de bloqueos que realizan personas inconformes todav\u00eda no censadas, aunque reconoci\u00f3 un \u201cavance\u201d la L\u00ednea de Atenci\u00f3n de la Secretar\u00eda de Bienestar.<\/p>\n\n\n\n<p>A\u00f1orve Ba\u00f1os es el pol\u00edtico guerrerense mejor posicionado a nivel nacional, con frecuencia se le observa en los medios de comunicaci\u00f3n m\u00e1s importantes del pa\u00eds y en las redes sociales, por eso mismo su peso pol\u00edtico, sino es determinante, si influye en algunas decisiones del sector p\u00fabico, apoyando demandas sociales que surgen en la entidad para llevar agua a su molino.<\/p>\n\n\n\n<p>Marea Alta.- No s\u00f3lo no se cumpli\u00f3 con la entrega del Hospital de Especialidades del ISSSTE, presuntamente programada para el mes de septiembre, sino que las obras se encuentran suspendidas a partir de la ausencia del ex presidente Andr\u00e9s Manuel L\u00f3pez Obrador.<\/p>\n\n\n\n<p>Los trabajos tienen un avance de 80% y no se ha establecido nueva fecha para su conclusi\u00f3n, que se edifica en el ex Sal\u00f3n Teotihuac\u00e1n y zona aleda\u00f1a del Centro de Convenciones de Acapulco.<\/p>\n\n\n\n<p>Maremoto.- La SEDATU federal se ha demorado m\u00e1s de la cuenta para entregar concluida la remodelaci\u00f3n de las instalaciones de la popular Feria de Navidad y A\u00f1o Nuevo de Chilpancingo.<\/p>\n\n\n\n<p>Exist\u00eda el compromiso por parte del ex Titular de la dependencia, Rom\u00e1n Meyer, que se entregar\u00eda en diciembre de 2022 y nada. Despu\u00e9s se dijo que en diciembre de 2023 y tampoco y ahora, por fin, se espera terminen con la obra a mediados del pr\u00f3ximo mes, porque el d\u00eda 22 se llevar\u00e1 a cabo el tradicional \u201cPaseo del Pend\u00f3n\u201d y el d\u00eda 25 el arranque formal de la Feria para cerrar el 6 de enero.<\/p>\n","protected":false},"excerpt":{"rendered":"<p>MAREM\u00c1GNUM 175 Por Ricardo Castillo Barrientos Cada a\u00f1o cobra mayor importancia la fecha 25 de noviembre como \u201cD\u00eda Internacional para la Eliminaci\u00f3n de la Violencia contra las Mujeres\u201d, instituido por&hellip; <\/p>\n","protected":false},"author":19,"featured_media":71218,"comment_status":"open","ping_status":"open","sticky":false,"template":"","format":"standard","meta":{"fifu_image_url":"","fifu_image_alt":"","footnotes":""},"categories":[16],"tags":[],"class_list":["post-84627","post","type-post","status-publish","format-standard","has-post-thumbnail","hentry","category-opinion"],"_links":{"self":[{"href":"https:\/\/www.interaccionnoticias.com.mx\/index.php?rest_route=\/wp\/v2\/posts\/84627","targetHints":{"allow":["GET"]}}],"collection":[{"href":"https:\/\/www.interaccionnoticias.com.mx\/index.php?rest_route=\/wp\/v2\/posts"}],"about":[{"href":"https:\/\/www.interaccionnoticias.com.mx\/index.php?rest_route=\/wp\/v2\/types\/post"}],"author":[{"embeddable":true,"href":"https:\/\/www.interaccionnoticias.com.mx\/index.php?rest_route=\/wp\/v2\/users\/19"}],"replies":[{"embeddable":true,"href":"https:\/\/www.interaccionnoticias.com.mx\/index.php?rest_route=%2Fwp%2Fv2%2Fcomments&post=84627"}],"version-history":[{"count":1,"href":"https:\/\/www.interaccionnoticias.com.mx\/index.php?rest_route=\/wp\/v2\/posts\/84627\/revisions"}],"predecessor-version":[{"id":84628,"href":"https:\/\/www.interaccionnoticias.com.mx\/index.php?rest_route=\/wp\/v2\/posts\/84627\/revisions\/84628"}],"wp:featuredmedia":[{"embeddable":true,"href":"https:\/\/www.interaccionnoticias.com.mx\/index.php?rest_route=\/wp\/v2\/media\/71218"}],"wp:attachment":[{"href":"https:\/\/www.interaccionnoticias.com.mx\/index.php?rest_route=%2Fwp%2Fv2%2Fmedia&parent=84627"}],"wp:term":[{"taxonomy":"category","embeddable":true,"href":"https:\/\/www.interaccionnoticias.com.mx\/index.php?rest_route=%2Fwp%2Fv2%2Fcategories&post=84627"},{"taxonomy":"post_tag","embeddable":true,"href":"https:\/\/www.interaccionnoticias.com.mx\/index.php?rest_route=%2Fwp%2Fv2%2Ftags&post=84627"}],"curies":[{"name":"wp","href":"https:\/\/api.w.org\/{rel}","templated":true}]}}