{"id":8456,"date":"2017-09-23T18:05:44","date_gmt":"2017-09-23T23:05:44","guid":{"rendered":"http:\/\/www.inter-accion.com.mx\/?p=8456"},"modified":"2017-09-23T18:05:44","modified_gmt":"2017-09-23T23:05:44","slug":"se-retira-la-vigilancia-policiaca-de-tlaltempanampa-municipio-de-zitlala","status":"publish","type":"post","link":"https:\/\/www.interaccionnoticias.com.mx\/?p=8456","title":{"rendered":"Se retira la vigilancia polic\u00edaca de Tlaltempanampa, municipio de Zitlala"},"content":{"rendered":"<p><strong>Temen nuevas agresiones<\/strong><br \/>\n<strong>Hay ocho pobladores atacados en los \u00faltimos dos a\u00f1os<\/strong><br \/>\nHabitantes de Quetzalcoatl\u00e1n de las Palmas denunciaron que la ma\u00f1ana del s\u00e1bado 23 de septiembre fueron abandonados por los dos grupos de polic\u00edas que les ofrec\u00edan protecci\u00f3n a manera de medidas cautelares, por lo que temen nuevas agresiones por el grupo criminal que los atac\u00f3 el 6 de enero de 2016.<br \/>\nEl Centro de Derechos Humanos Jos\u00e9 Mar\u00eda Morelos y Pav\u00f3n, dio a conocer que los habitantes de dicha comunidad perteneciente a Zitlala, principalmente los que fueron desplazados tras los ataques de 2016 y regresaron cuando se otorgaron las medidas cautelares, ahora temen nuevas agresiones porque est\u00e1n completamente indefensos ante los delincuentes que operan en Tlaltempanampa y Chilapa.<br \/>\nManuel Olivarez Hern\u00e1ndez, vocero del Centro Morelos advirti\u00f3 que entre los pobladores de Tlaltempanampa hay ni\u00f1os que perdieron a sus padres durante la masacre cometida el 6 de enero del a\u00f1o pasado.<br \/>\nPor esa raz\u00f3n, consider\u00f3 urgente que se restituyan las medidas cautelares a Tlaltempanampa, porque es evidente que los delincuentes que los agredieron siguen operando en la zona, gozando de impunidad porque hasta el momento ninguno a sido sancionado por los cr\u00edmenes que ah\u00ed se cometieron.<br \/>\nDestacaron que ya hubo una segunda agresi\u00f3n a dicho pueblo, cuando fue asesinado el se\u00f1orBenigno Marabel Tlatempa y result\u00f3 herido Salom\u00f3n Lara Tlatempa.<br \/>\n\u201cQueremos evitar que la poblaci\u00f3n sufra un tercer ataque y para ello exigimos al gobierno del estado que mantengan las medidas cautelares que otorgo despu\u00e9s de que los pobladores se desplazar\u00e1n a la cabecera municipal\u201d, se\u00f1al\u00f3 el vocero de Centro Morelos, quien reiter\u00f3 que la violencia no ha cesado en la zona, pese a la presencia de la Polic\u00eda del Estado y del Ej\u00e9rcito Mexicano.<br \/>\n&nbsp;&nbsp;&nbsp;&nbsp;.<\/p>\n","protected":false},"excerpt":{"rendered":"<p>Temen nuevas agresiones Hay ocho pobladores atacados en los \u00faltimos dos a\u00f1os Habitantes de Quetzalcoatl\u00e1n de las Palmas denunciaron que la ma\u00f1ana del s\u00e1bado 23 de septiembre fueron abandonados por&hellip; <\/p>\n","protected":false},"author":1,"featured_media":0,"comment_status":"closed","ping_status":"closed","sticky":false,"template":"","format":"standard","meta":{"fifu_image_url":"","fifu_image_alt":"","footnotes":""},"categories":[8,15],"tags":[],"class_list":["post-8456","post","type-post","status-publish","format-standard","hentry","category-featured","category-movimientos-sociales"],"_links":{"self":[{"href":"https:\/\/www.interaccionnoticias.com.mx\/index.php?rest_route=\/wp\/v2\/posts\/8456","targetHints":{"allow":["GET"]}}],"collection":[{"href":"https:\/\/www.interaccionnoticias.com.mx\/index.php?rest_route=\/wp\/v2\/posts"}],"about":[{"href":"https:\/\/www.interaccionnoticias.com.mx\/index.php?rest_route=\/wp\/v2\/types\/post"}],"author":[{"embeddable":true,"href":"https:\/\/www.interaccionnoticias.com.mx\/index.php?rest_route=\/wp\/v2\/users\/1"}],"replies":[{"embeddable":true,"href":"https:\/\/www.interaccionnoticias.com.mx\/index.php?rest_route=%2Fwp%2Fv2%2Fcomments&post=8456"}],"version-history":[{"count":0,"href":"https:\/\/www.interaccionnoticias.com.mx\/index.php?rest_route=\/wp\/v2\/posts\/8456\/revisions"}],"wp:attachment":[{"href":"https:\/\/www.interaccionnoticias.com.mx\/index.php?rest_route=%2Fwp%2Fv2%2Fmedia&parent=8456"}],"wp:term":[{"taxonomy":"category","embeddable":true,"href":"https:\/\/www.interaccionnoticias.com.mx\/index.php?rest_route=%2Fwp%2Fv2%2Fcategories&post=8456"},{"taxonomy":"post_tag","embeddable":true,"href":"https:\/\/www.interaccionnoticias.com.mx\/index.php?rest_route=%2Fwp%2Fv2%2Ftags&post=8456"}],"curies":[{"name":"wp","href":"https:\/\/api.w.org\/{rel}","templated":true}]}}