{"id":8454,"date":"2017-09-23T17:13:57","date_gmt":"2017-09-23T22:13:57","guid":{"rendered":"http:\/\/www.inter-accion.com.mx\/?p=8454"},"modified":"2017-09-23T17:13:57","modified_gmt":"2017-09-23T22:13:57","slug":"fge-normalistas-quemaron-un-cajero-y-lesionaron-a-un-soldado","status":"publish","type":"post","link":"https:\/\/www.interaccionnoticias.com.mx\/?p=8454","title":{"rendered":"FGE: Normalistas quemaron un cajero y lesionaron a un soldado"},"content":{"rendered":"<p><strong>Integran carpeta de investigaci\u00f3n; lanzaron tres molotov y dos petardos<\/strong><br \/>\nLa Fiscal\u00eda General del Estado (FGE) integr\u00f3 una carpeta de investigaci\u00f3n por los da\u00f1os supuestamente provocados en las instalaciones del 27 Batall\u00f3n de Infanter\u00eda, ubicado en Iguala de la Independencia, tambi\u00e9n se les acusa de lesiones en contra de un soldado de la Secretar\u00eda de la Defensa Nacional (SEDENA).<br \/>\nRoberto Alvarez Heredia, vocero del&nbsp;Grupo de Coordinaci\u00f3n Guerrero (GCG) inform\u00f3 que de acuerdo con las primeras investigaciones realizadas en torno a los hechos registrados la ma\u00f1ana del s\u00e1bado 23 de septiembre, personal del Ministerio P\u00fablico del Fuero Com\u00fan (MPFC) dio fe que un grupo de j\u00f3venes estudiantes lanzaron dos petardos, tres bombas molotov, adem\u00e1s de piedras con resorteras al interior de las instalaciones del batall\u00f3n de Infanter\u00eda.<br \/>\nAlvarez Heredia destac\u00f3 que los normalistas quemaron el cajero autom\u00e1tico del Banj\u00e9rcito, en tanto que un militar result\u00f3 con lesiones en un brazo a consecuencia de que fue alcanzado por un petardo.<br \/>\nPor esa raz\u00f3n, la Fiscal\u00eda General del Estado (FGE) continuar\u00e1 con las investigaciones sobre el caso, en coordinaci\u00f3n con la Procuradur\u00eda General de la Rep\u00fablica (PGR), por tratarse de instalaciones del gobierno federal.<\/p>\n","protected":false},"excerpt":{"rendered":"<p>Integran carpeta de investigaci\u00f3n; lanzaron tres molotov y dos petardos La Fiscal\u00eda General del Estado (FGE) integr\u00f3 una carpeta de investigaci\u00f3n por los da\u00f1os supuestamente provocados en las instalaciones del&hellip; <\/p>\n","protected":false},"author":1,"featured_media":0,"comment_status":"closed","ping_status":"closed","sticky":false,"template":"","format":"standard","meta":{"fifu_image_url":"","fifu_image_alt":"","footnotes":""},"categories":[8,15],"tags":[],"class_list":["post-8454","post","type-post","status-publish","format-standard","hentry","category-featured","category-movimientos-sociales"],"_links":{"self":[{"href":"https:\/\/www.interaccionnoticias.com.mx\/index.php?rest_route=\/wp\/v2\/posts\/8454","targetHints":{"allow":["GET"]}}],"collection":[{"href":"https:\/\/www.interaccionnoticias.com.mx\/index.php?rest_route=\/wp\/v2\/posts"}],"about":[{"href":"https:\/\/www.interaccionnoticias.com.mx\/index.php?rest_route=\/wp\/v2\/types\/post"}],"author":[{"embeddable":true,"href":"https:\/\/www.interaccionnoticias.com.mx\/index.php?rest_route=\/wp\/v2\/users\/1"}],"replies":[{"embeddable":true,"href":"https:\/\/www.interaccionnoticias.com.mx\/index.php?rest_route=%2Fwp%2Fv2%2Fcomments&post=8454"}],"version-history":[{"count":0,"href":"https:\/\/www.interaccionnoticias.com.mx\/index.php?rest_route=\/wp\/v2\/posts\/8454\/revisions"}],"wp:attachment":[{"href":"https:\/\/www.interaccionnoticias.com.mx\/index.php?rest_route=%2Fwp%2Fv2%2Fmedia&parent=8454"}],"wp:term":[{"taxonomy":"category","embeddable":true,"href":"https:\/\/www.interaccionnoticias.com.mx\/index.php?rest_route=%2Fwp%2Fv2%2Fcategories&post=8454"},{"taxonomy":"post_tag","embeddable":true,"href":"https:\/\/www.interaccionnoticias.com.mx\/index.php?rest_route=%2Fwp%2Fv2%2Ftags&post=8454"}],"curies":[{"name":"wp","href":"https:\/\/api.w.org\/{rel}","templated":true}]}}