{"id":84520,"date":"2024-11-21T20:39:43","date_gmt":"2024-11-22T02:39:43","guid":{"rendered":"https:\/\/www.interaccionnoticias.com.mx\/?p=84520"},"modified":"2024-11-21T20:39:51","modified_gmt":"2024-11-22T02:39:51","slug":"por-inseguridad-en-ayutla-servidores-no-censaron-a-damnificados-por-john","status":"publish","type":"post","link":"https:\/\/www.interaccionnoticias.com.mx\/?p=84520","title":{"rendered":"Por inseguridad en Ayutla, servidores no censaron a damnificados por John"},"content":{"rendered":"\n<p><strong><em>&#8212; La presidenta del Consejo Municipal, Elizabeth Calixto pidi\u00f3 al gobierno federal incorporar al censo a los afectados<\/em><\/strong><\/p>\n\n\n\n<p><strong>Rosario Garc\u00eda Orozco<\/strong><\/p>\n\n\n\n<p>Debido a la inseguridad en Ayutla de los Libres, los Servidores de la Naci\u00f3n de la Secretar\u00eda del Bienestar se retiraron del municipio, por lo que los habitantes del lugar quedaron fuera del censo que realiz\u00f3 el gobierno federal, revel\u00f3 la presidenta del Consejo Municipal, Elizabeth Calixto Leyva.<\/p>\n\n\n\n<p>La alcaldesa aclar\u00f3 que que Servidores de la Naci\u00f3n s\u00ed acudieron al municipio para censar a los damnificados, pero al llegar, por los hechos de violencia que se vivieron en la zona \u201cse retiraron de lugar\u201d, lament\u00f3 la concejera perteneciente a la etnia Me\u2019phaa.<\/p>\n\n\n\n<p>Entrevistada al finalizar la reuni\u00f3n convocada por la Comisi\u00f3n Hacienda del Congreso Local, que preside la diputada Guadalupe Garc\u00eda Villalva, explic\u00f3 que \u201cmucha poblaci\u00f3n no tiene sus casas, se quedaron sin nada, sin muebles, sin su siembra\u201d por los da\u00f1os que dej\u00f3 John, por lo que consider\u00f3 un problema grave paracAyutla de los Libres, tema que est\u00e1n tratando de solucionar, \u201clo m\u00e1s pronto que se pueda\u201d.<\/p>\n\n\n\n<p>Agreg\u00f3 que hasta ahora en el municipio no se han registrado bloqueos por parte de las familias damnificadas, pero se\u00f1al\u00f3, que el ayuntamiento est\u00e1 recibiendo solicitudes para que las personas de 113 comunidades y colonias que comprende Ayutla, puedan tener soluci\u00f3n a las necesidades.<\/p>\n\n\n\n<p>\u2014Existe un adeudo de 18 mdp a CFE que mantiene sin servicio desde hace un mes al ayuntamiento<\/p>\n\n\n\n<p>Por otro lado, Elizabeth Calixto coment\u00f3 que por el adeudo hist\u00f3rico de 18 millones de pesos a la Comisi\u00f3n Federal de Electricidad (CFE) en el municipio y que la administraci\u00f3n pasada \u201clogr\u00f3 disminuir un poco\u201d, desde hace un mes, algunas \u00e1reas del gobierno local se encuentran sin servicios de atenci\u00f3n ciudadana.<\/p>\n\n\n\n<p>Aclar\u00f3 que la falta de energ\u00eda el\u00e9ctrica solo afecta al sector municipal, espec\u00edficamente a la Secretar\u00eda del Bienestar, en tanto, los inmuebles que s\u00ed cuentan con el servicio es la Casa de los Pueblos (Palacio Municipal), detall\u00f3.<\/p>\n\n\n\n<p>\u201cAl principio nos cost\u00f3 un poquito de trabajo por nuestro Sistema de Usos y Costumbres, estuvo sin gobierno unos meses, en ese tiempo, nos cortaron los servicios y ahorita estamos en la reactivaci\u00f3n de las cuentas, y en torno a de qu\u00e9 manera se puede salir adelante de estos compromisos\u201d, expres\u00f3 Calixto Leyva.<\/p>\n","protected":false},"excerpt":{"rendered":"<p>&#8212; La presidenta del Consejo Municipal, Elizabeth Calixto pidi\u00f3 al gobierno federal incorporar al censo a los afectados Rosario Garc\u00eda Orozco Debido a la inseguridad en Ayutla de los Libres,&hellip; <\/p>\n","protected":false},"author":14,"featured_media":84521,"comment_status":"open","ping_status":"open","sticky":false,"template":"","format":"standard","meta":{"fifu_image_url":"","fifu_image_alt":"","footnotes":""},"categories":[24],"tags":[],"class_list":["post-84520","post","type-post","status-publish","format-standard","has-post-thumbnail","hentry","category-reportajes"],"_links":{"self":[{"href":"https:\/\/www.interaccionnoticias.com.mx\/index.php?rest_route=\/wp\/v2\/posts\/84520","targetHints":{"allow":["GET"]}}],"collection":[{"href":"https:\/\/www.interaccionnoticias.com.mx\/index.php?rest_route=\/wp\/v2\/posts"}],"about":[{"href":"https:\/\/www.interaccionnoticias.com.mx\/index.php?rest_route=\/wp\/v2\/types\/post"}],"author":[{"embeddable":true,"href":"https:\/\/www.interaccionnoticias.com.mx\/index.php?rest_route=\/wp\/v2\/users\/14"}],"replies":[{"embeddable":true,"href":"https:\/\/www.interaccionnoticias.com.mx\/index.php?rest_route=%2Fwp%2Fv2%2Fcomments&post=84520"}],"version-history":[{"count":1,"href":"https:\/\/www.interaccionnoticias.com.mx\/index.php?rest_route=\/wp\/v2\/posts\/84520\/revisions"}],"predecessor-version":[{"id":84522,"href":"https:\/\/www.interaccionnoticias.com.mx\/index.php?rest_route=\/wp\/v2\/posts\/84520\/revisions\/84522"}],"wp:featuredmedia":[{"embeddable":true,"href":"https:\/\/www.interaccionnoticias.com.mx\/index.php?rest_route=\/wp\/v2\/media\/84521"}],"wp:attachment":[{"href":"https:\/\/www.interaccionnoticias.com.mx\/index.php?rest_route=%2Fwp%2Fv2%2Fmedia&parent=84520"}],"wp:term":[{"taxonomy":"category","embeddable":true,"href":"https:\/\/www.interaccionnoticias.com.mx\/index.php?rest_route=%2Fwp%2Fv2%2Fcategories&post=84520"},{"taxonomy":"post_tag","embeddable":true,"href":"https:\/\/www.interaccionnoticias.com.mx\/index.php?rest_route=%2Fwp%2Fv2%2Ftags&post=84520"}],"curies":[{"name":"wp","href":"https:\/\/api.w.org\/{rel}","templated":true}]}}