{"id":84507,"date":"2024-11-21T16:44:43","date_gmt":"2024-11-21T22:44:43","guid":{"rendered":"https:\/\/www.interaccionnoticias.com.mx\/?p=84507"},"modified":"2024-11-21T16:44:45","modified_gmt":"2024-11-21T22:44:45","slug":"se-lleva-a-cabo-la-46-feria-del-libro-en-chilpancingo","status":"publish","type":"post","link":"https:\/\/www.interaccionnoticias.com.mx\/?p=84507","title":{"rendered":"Se lleva a cabo la 46 Feria del Libro en Chilpancingo"},"content":{"rendered":"\n<p><strong><em>&#8212; \u00c1ngel Gonz\u00e1lez Cerdenares consider\u00f3 que las personas en ocasiones no adquieren los libros por la falta de recursos, no por desinter\u00e9s<\/em><\/strong><\/p>\n\n\n\n<p><strong>Yasm\u00edn Garc\u00eda<\/strong><\/p>\n\n\n\n<p>La Sociedad Mexicana de Geograf\u00eda y Estad\u00edstica y la Asociaci\u00f3n de Libreros realizan la Feria del Libro edici\u00f3n 46, por el D\u00eda Nacional del Libro en el z\u00f3calo de la capital del estado.<\/p>\n\n\n\n<p>\u00c1ngel Gonz\u00e1lez Cerdenares, presidente de la Sociedad Mexicana de Geograf\u00eda y Estad\u00edstica en Chilpancingo, asegur\u00f3 que el objetivo de esta feria es rescatar los libros f\u00edsicos, ya que est\u00e1n siendo sustituidos por formatos como PDF y audio libros, aunque reconoci\u00f3 que tambi\u00e9n son utiles para fomentar la lectura.<\/p>\n\n\n\n<p>Esta Feria del Libro tambi\u00e9n se presenta en Chilapa, Tixtla, Acapulco y Tlapa.<\/p>\n\n\n\n<p>Adem\u00e1s de la venta de libros, hay presentaciones de obras, como Voces del Viento, Relatos del Hurac\u00e1n Otis en Acapulco; La Sierra, Octava Regi\u00f3n y presentaciones de t\u00edteres y obras de teatro para ni\u00f1os.<\/p>\n\n\n\n<p>Gonz\u00e1lez Cerdenares consider\u00f3 que las personas en ocasiones no adquieren los libros por la falta de recursos econ\u00f3micos, pero no por desinter\u00e9s.<\/p>\n\n\n\n<p>\u00abEstamos luchando, esta cruzada la estamos haciendo con todo el cari\u00f1o, el coraz\u00f3n, queremos que el libro no desaparezca, la lectura es lo b\u00e1sico para nuestro desarrollo intelectual como seres humanos\u00bb.<\/p>\n\n\n\n<p>La feria del libro comenz\u00f3 el 17 de noviembre y culmina el pr\u00f3ximo 1 de diciembre.<\/p>\n\n\n\n<div class=\"wp-block-jetpack-slideshow aligncenter\" data-effect=\"slide\"><div class=\"wp-block-jetpack-slideshow_container swiper-container\"><ul class=\"wp-block-jetpack-slideshow_swiper-wrapper swiper-wrapper\"><li class=\"wp-block-jetpack-slideshow_slide swiper-slide\"><figure><img decoding=\"async\" src=\"data:image\/gif;base64,R0lGODlhAQABAIAAAAAAAP\/\/\/ywAAAAAAQABAAACAUwAOw==\" fifu-lazy=\"1\" fifu-data-sizes=\"auto\" fifu-data-srcset=\"https:\/\/i2.wp.com\/www.interaccionnoticias.com.mx\/wp-content\/uploads\/2024\/11\/241121-Feria-del-Libro-1-1024x683.jpg?ssl=1&w=75&resize=75&ssl=1 75w, https:\/\/i2.wp.com\/www.interaccionnoticias.com.mx\/wp-content\/uploads\/2024\/11\/241121-Feria-del-Libro-1-1024x683.jpg?ssl=1&w=100&resize=100&ssl=1 100w, https:\/\/i2.wp.com\/www.interaccionnoticias.com.mx\/wp-content\/uploads\/2024\/11\/241121-Feria-del-Libro-1-1024x683.jpg?ssl=1&w=150&resize=150&ssl=1 150w, https:\/\/i2.wp.com\/www.interaccionnoticias.com.mx\/wp-content\/uploads\/2024\/11\/241121-Feria-del-Libro-1-1024x683.jpg?ssl=1&w=240&resize=240&ssl=1 240w, https:\/\/i2.wp.com\/www.interaccionnoticias.com.mx\/wp-content\/uploads\/2024\/11\/241121-Feria-del-Libro-1-1024x683.jpg?ssl=1&w=320&resize=320&ssl=1 320w, https:\/\/i2.wp.com\/www.interaccionnoticias.com.mx\/wp-content\/uploads\/2024\/11\/241121-Feria-del-Libro-1-1024x683.jpg?ssl=1&w=500&resize=500&ssl=1 500w, https:\/\/i2.wp.com\/www.interaccionnoticias.com.mx\/wp-content\/uploads\/2024\/11\/241121-Feria-del-Libro-1-1024x683.jpg?ssl=1&w=640&resize=640&ssl=1 640w, https:\/\/i2.wp.com\/www.interaccionnoticias.com.mx\/wp-content\/uploads\/2024\/11\/241121-Feria-del-Libro-1-1024x683.jpg?ssl=1&w=800&resize=800&ssl=1 800w, https:\/\/i2.wp.com\/www.interaccionnoticias.com.mx\/wp-content\/uploads\/2024\/11\/241121-Feria-del-Libro-1-1024x683.jpg?ssl=1&w=1024&resize=1024&ssl=1 1024w, https:\/\/i2.wp.com\/www.interaccionnoticias.com.mx\/wp-content\/uploads\/2024\/11\/241121-Feria-del-Libro-1-1024x683.jpg?ssl=1&w=1280&resize=1280&ssl=1 1280w, https:\/\/i2.wp.com\/www.interaccionnoticias.com.mx\/wp-content\/uploads\/2024\/11\/241121-Feria-del-Libro-1-1024x683.jpg?ssl=1&w=1600&resize=1600&ssl=1 1600w\" alt=\"\" class=\"wp-block-jetpack-slideshow_image wp-image-84509\" data-id=\"84509\" fifu-data-src=\"https:\/\/i2.wp.com\/www.interaccionnoticias.com.mx\/wp-content\/uploads\/2024\/11\/241121-Feria-del-Libro-1-1024x683.jpg?ssl=1\"\/><\/figure><\/li><li class=\"wp-block-jetpack-slideshow_slide swiper-slide\"><figure><img decoding=\"async\" src=\"data:image\/gif;base64,R0lGODlhAQABAIAAAAAAAP\/\/\/ywAAAAAAQABAAACAUwAOw==\" fifu-lazy=\"1\" fifu-data-sizes=\"auto\" fifu-data-srcset=\"https:\/\/i1.wp.com\/www.interaccionnoticias.com.mx\/wp-content\/uploads\/2024\/11\/241121-Feria-del-Libro-2-1024x683.jpg?ssl=1&w=75&resize=75&ssl=1 75w, https:\/\/i1.wp.com\/www.interaccionnoticias.com.mx\/wp-content\/uploads\/2024\/11\/241121-Feria-del-Libro-2-1024x683.jpg?ssl=1&w=100&resize=100&ssl=1 100w, https:\/\/i1.wp.com\/www.interaccionnoticias.com.mx\/wp-content\/uploads\/2024\/11\/241121-Feria-del-Libro-2-1024x683.jpg?ssl=1&w=150&resize=150&ssl=1 150w, https:\/\/i1.wp.com\/www.interaccionnoticias.com.mx\/wp-content\/uploads\/2024\/11\/241121-Feria-del-Libro-2-1024x683.jpg?ssl=1&w=240&resize=240&ssl=1 240w, https:\/\/i1.wp.com\/www.interaccionnoticias.com.mx\/wp-content\/uploads\/2024\/11\/241121-Feria-del-Libro-2-1024x683.jpg?ssl=1&w=320&resize=320&ssl=1 320w, https:\/\/i1.wp.com\/www.interaccionnoticias.com.mx\/wp-content\/uploads\/2024\/11\/241121-Feria-del-Libro-2-1024x683.jpg?ssl=1&w=500&resize=500&ssl=1 500w, https:\/\/i1.wp.com\/www.interaccionnoticias.com.mx\/wp-content\/uploads\/2024\/11\/241121-Feria-del-Libro-2-1024x683.jpg?ssl=1&w=640&resize=640&ssl=1 640w, https:\/\/i1.wp.com\/www.interaccionnoticias.com.mx\/wp-content\/uploads\/2024\/11\/241121-Feria-del-Libro-2-1024x683.jpg?ssl=1&w=800&resize=800&ssl=1 800w, https:\/\/i1.wp.com\/www.interaccionnoticias.com.mx\/wp-content\/uploads\/2024\/11\/241121-Feria-del-Libro-2-1024x683.jpg?ssl=1&w=1024&resize=1024&ssl=1 1024w, https:\/\/i1.wp.com\/www.interaccionnoticias.com.mx\/wp-content\/uploads\/2024\/11\/241121-Feria-del-Libro-2-1024x683.jpg?ssl=1&w=1280&resize=1280&ssl=1 1280w, https:\/\/i1.wp.com\/www.interaccionnoticias.com.mx\/wp-content\/uploads\/2024\/11\/241121-Feria-del-Libro-2-1024x683.jpg?ssl=1&w=1600&resize=1600&ssl=1 1600w\" alt=\"\" class=\"wp-block-jetpack-slideshow_image wp-image-84508\" data-id=\"84508\" fifu-data-src=\"https:\/\/i1.wp.com\/www.interaccionnoticias.com.mx\/wp-content\/uploads\/2024\/11\/241121-Feria-del-Libro-2-1024x683.jpg?ssl=1\"\/><\/figure><\/li><\/ul><a class=\"wp-block-jetpack-slideshow_button-prev swiper-button-prev swiper-button-white\" role=\"button\"><\/a><a class=\"wp-block-jetpack-slideshow_button-next swiper-button-next swiper-button-white\" role=\"button\"><\/a><a aria-label=\"Pause Slideshow\" class=\"wp-block-jetpack-slideshow_button-pause\" role=\"button\"><\/a><div class=\"wp-block-jetpack-slideshow_pagination swiper-pagination swiper-pagination-white\"><\/div><\/div><\/div>\n","protected":false},"excerpt":{"rendered":"<p>&#8212; \u00c1ngel Gonz\u00e1lez Cerdenares consider\u00f3 que las personas en ocasiones no adquieren los libros por la falta de recursos, no por desinter\u00e9s Yasm\u00edn Garc\u00eda La Sociedad Mexicana de Geograf\u00eda y&hellip; <\/p>\n","protected":false},"author":32,"featured_media":84508,"comment_status":"open","ping_status":"open","sticky":false,"template":"","format":"standard","meta":{"fifu_image_url":"","fifu_image_alt":"","footnotes":""},"categories":[6],"tags":[],"class_list":["post-84507","post","type-post","status-publish","format-standard","has-post-thumbnail","hentry","category-educacion"],"_links":{"self":[{"href":"https:\/\/www.interaccionnoticias.com.mx\/index.php?rest_route=\/wp\/v2\/posts\/84507","targetHints":{"allow":["GET"]}}],"collection":[{"href":"https:\/\/www.interaccionnoticias.com.mx\/index.php?rest_route=\/wp\/v2\/posts"}],"about":[{"href":"https:\/\/www.interaccionnoticias.com.mx\/index.php?rest_route=\/wp\/v2\/types\/post"}],"author":[{"embeddable":true,"href":"https:\/\/www.interaccionnoticias.com.mx\/index.php?rest_route=\/wp\/v2\/users\/32"}],"replies":[{"embeddable":true,"href":"https:\/\/www.interaccionnoticias.com.mx\/index.php?rest_route=%2Fwp%2Fv2%2Fcomments&post=84507"}],"version-history":[{"count":1,"href":"https:\/\/www.interaccionnoticias.com.mx\/index.php?rest_route=\/wp\/v2\/posts\/84507\/revisions"}],"predecessor-version":[{"id":84510,"href":"https:\/\/www.interaccionnoticias.com.mx\/index.php?rest_route=\/wp\/v2\/posts\/84507\/revisions\/84510"}],"wp:featuredmedia":[{"embeddable":true,"href":"https:\/\/www.interaccionnoticias.com.mx\/index.php?rest_route=\/wp\/v2\/media\/84508"}],"wp:attachment":[{"href":"https:\/\/www.interaccionnoticias.com.mx\/index.php?rest_route=%2Fwp%2Fv2%2Fmedia&parent=84507"}],"wp:term":[{"taxonomy":"category","embeddable":true,"href":"https:\/\/www.interaccionnoticias.com.mx\/index.php?rest_route=%2Fwp%2Fv2%2Fcategories&post=84507"},{"taxonomy":"post_tag","embeddable":true,"href":"https:\/\/www.interaccionnoticias.com.mx\/index.php?rest_route=%2Fwp%2Fv2%2Ftags&post=84507"}],"curies":[{"name":"wp","href":"https:\/\/api.w.org\/{rel}","templated":true}]}}