{"id":84466,"date":"2024-11-20T18:27:00","date_gmt":"2024-11-21T00:27:00","guid":{"rendered":"https:\/\/www.interaccionnoticias.com.mx\/?p=84466"},"modified":"2024-11-20T20:29:33","modified_gmt":"2024-11-21T02:29:33","slug":"comision-de-salud-del-congreso-local-respalda-el-relevo-dado-en-dicha-dependencia-del-gobierno-estatal","status":"publish","type":"post","link":"https:\/\/www.interaccionnoticias.com.mx\/?p=84466","title":{"rendered":"Comisi\u00f3n de Salud del Congreso local respalda el relevo dado en dicha dependencia del Gobierno estatal"},"content":{"rendered":"\n<p><strong><em>&#8212; La pr\u00f3xima semana, la comisi\u00f3n legislativa se reunir\u00e1 con la nueva secretaria de Salud, para entregarle el pliego petitorio<\/em><\/strong><\/p>\n\n\n\n<p><strong>Rosario Garc\u00eda Orozco<\/strong><\/p>\n\n\n\n<p>La Secretar\u00eda general de la secci\u00f3n 36 del Sindicato Nacional de Trabajadores de la Secretar\u00eda de Salud (SNTSA), Beatriz V\u00e9lez N\u00fa\u00f1ez, se dijo conforme con el cambio de la secretaria de Salud, Aid\u00e9 Ibarez Castro, por Alondra Garc\u00eda Carbajal.<\/p>\n\n\n\n<p>El cambio de la titular de esa dependencia, fue anunciado por la propia gobernadora Evelyn Salgado Pineda, el pasado lunes en sus redes sociales.<\/p>\n\n\n\n<p>La tambi\u00e9n presidenta de la Comisi\u00f3n de Salud del Congreso Local, se refiri\u00f3 a Garc\u00eda Carbajal como una m\u00e9dico profesional, \u00abquien toda la vida ha sido muy institucional y depositamos nuestra confianza, en mi caso como presidenta de la Comisi\u00f3n de Salud, para que lleve las riendas de la Secretar\u00eda de Salud y esperemos que con ella podamos tener mucha comunicaci\u00f3n, siempre hemos tenido mucha confianza, y ahora nos resta trabajar con ella, ahora en su papel de titular de la dependencia, le deseamos mucha suerte\u00bb.<\/p>\n\n\n\n<p>Confi\u00f3 en que haya m\u00e1s apertura con la nueva secretaria de Salud, a diferencia de la anterior, de quien critic\u00f3 la falta de acercamiento para tratar las demandas de los trabajadores del sector.<\/p>\n\n\n\n<p>\u00abYa tuvimos una reuni\u00f3n de trabajo con ella, la doctora Alondra -Garc\u00eda Carbajal- es muy institucional, desde que era Subsecretaria de Atenci\u00f3n M\u00e9dica todo el tiempo tuvo comunicaci\u00f3n conmigo como dirigente de los trabajadores, y espero que as\u00ed siga siendo ahora que ya es Secretar\u00eda de Salud, habremos de trabajar de manera cordial, con respeto, yo defendiendo los derechos de los trabajadores de la Secretar\u00eda de Salud y del OPD IMSSS Bienestar y ella procurando la instituci\u00f3n\u00bb, expres\u00f3 la l\u00edder sindical y Diputada priista.<\/p>\n\n\n\n<p>Ahora como presidenta de la Comisi\u00f3n de Salud del Congreso del Estado, dijo, se debe defender la institucionalidad de la dependencia, la atenci\u00f3n en los hospitales, \u00aby yo estar\u00e9 muy atenta de atender las demandas, porque es una queja sentida de la ciudadan\u00eda, porque los pacientes dicen que les dan la atenci\u00f3n m\u00e9dica, pero no cuentan con los medicamentos necesarios, y en los hospitales los pacientes refieren que deben llevar sus insumos para que sean operados, y eso no puede seguir as\u00ed\u00bb.<\/p>\n\n\n\n<p>Consider\u00f3 que con la nueva funcionaria, haya una buena relaci\u00f3n, \u00aby como sindicato, por ahora estamos muy satisfechos con este nombramiento, y digo por ahora porque vamos a estar muy atentos del desarrollo de las actividades de la funcionaria\u00bb.<\/p>\n\n\n\n<p>Adelant\u00f3 que como dirigente del Comit\u00e9 Ejecutivo Estatal de la Secci\u00f3n 36 del SNTSA se reunir\u00e1 con la nueva secretaria de Salud, y estar\u00e1 presente todo el comit\u00e9 con ella y toda la estructura de la Secretar\u00eda de Salud para hacerle entrega del pliego petitorio, \u00abque a\u00f1o con a\u00f1o entregamos para que se sigan respetando todos los derechos adquiridos de los trabajadores, en donde se pueda hablar no s\u00f3lo de lo que marcan las condiciones generales, sino tambi\u00e9n de lo que hemos, durante muchos a\u00f1os, conquistado y que debe ser respetado\u00bb.<\/p>\n","protected":false},"excerpt":{"rendered":"<p>&#8212; La pr\u00f3xima semana, la comisi\u00f3n legislativa se reunir\u00e1 con la nueva secretaria de Salud, para entregarle el pliego petitorio Rosario Garc\u00eda Orozco La Secretar\u00eda general de la secci\u00f3n 36&hellip; <\/p>\n","protected":false},"author":14,"featured_media":84467,"comment_status":"open","ping_status":"open","sticky":false,"template":"","format":"standard","meta":{"fifu_image_url":"","fifu_image_alt":"","footnotes":""},"categories":[2],"tags":[],"class_list":["post-84466","post","type-post","status-publish","format-standard","has-post-thumbnail","hentry","category-congreso"],"_links":{"self":[{"href":"https:\/\/www.interaccionnoticias.com.mx\/index.php?rest_route=\/wp\/v2\/posts\/84466","targetHints":{"allow":["GET"]}}],"collection":[{"href":"https:\/\/www.interaccionnoticias.com.mx\/index.php?rest_route=\/wp\/v2\/posts"}],"about":[{"href":"https:\/\/www.interaccionnoticias.com.mx\/index.php?rest_route=\/wp\/v2\/types\/post"}],"author":[{"embeddable":true,"href":"https:\/\/www.interaccionnoticias.com.mx\/index.php?rest_route=\/wp\/v2\/users\/14"}],"replies":[{"embeddable":true,"href":"https:\/\/www.interaccionnoticias.com.mx\/index.php?rest_route=%2Fwp%2Fv2%2Fcomments&post=84466"}],"version-history":[{"count":1,"href":"https:\/\/www.interaccionnoticias.com.mx\/index.php?rest_route=\/wp\/v2\/posts\/84466\/revisions"}],"predecessor-version":[{"id":84468,"href":"https:\/\/www.interaccionnoticias.com.mx\/index.php?rest_route=\/wp\/v2\/posts\/84466\/revisions\/84468"}],"wp:featuredmedia":[{"embeddable":true,"href":"https:\/\/www.interaccionnoticias.com.mx\/index.php?rest_route=\/wp\/v2\/media\/84467"}],"wp:attachment":[{"href":"https:\/\/www.interaccionnoticias.com.mx\/index.php?rest_route=%2Fwp%2Fv2%2Fmedia&parent=84466"}],"wp:term":[{"taxonomy":"category","embeddable":true,"href":"https:\/\/www.interaccionnoticias.com.mx\/index.php?rest_route=%2Fwp%2Fv2%2Fcategories&post=84466"},{"taxonomy":"post_tag","embeddable":true,"href":"https:\/\/www.interaccionnoticias.com.mx\/index.php?rest_route=%2Fwp%2Fv2%2Ftags&post=84466"}],"curies":[{"name":"wp","href":"https:\/\/api.w.org\/{rel}","templated":true}]}}