{"id":8445,"date":"2017-09-23T13:54:41","date_gmt":"2017-09-23T18:54:41","guid":{"rendered":"http:\/\/www.inter-accion.com.mx\/?p=8445"},"modified":"2017-09-23T13:54:41","modified_gmt":"2017-09-23T18:54:41","slug":"padres-de-los-43-y-normalistas-de-ayotzinapa-lanzan-piedras-y-cohetones-contra-el-27-batallon","status":"publish","type":"post","link":"https:\/\/www.interaccionnoticias.com.mx\/?p=8445","title":{"rendered":"Padres de los 43 y normalistas de Ayotzinapa lanzan piedras y cohetones contra el 27 batall\u00f3n"},"content":{"rendered":"<p><br \/>\nPadres de los 43 y estudiantes de la Normal Rural de Ayotzinapa lanzaron piedras y cohetones contra la puerta del cuartel que alberga al 27 batall\u00f3n de Infanter\u00eda, en Iguala de la Independencia.<br \/>\nLos padres y estudiantes partieron de las instalaciones de la Normal Rural, en la cabecera municipal de Tixtla desde las 08:00 horas del s\u00e1bado 23 de septiembre.<br \/>\nllegaron a la cabecera municipal de Iguala poco antes de las 10:00 horas y se trasladaron hacia las instalaciones de 17 batall\u00f3n de infanter\u00eda, en donde inicialmente solo realizaron un mitin, en el que acusaron a los militares de permitir la operaci\u00f3n de los sicarios de Guerreros Unidos (GU), quienes cometieron los ataques en coordinaci\u00f3n con la&nbsp; polic\u00eda preventiva municipal.<br \/>\nPoco a poco los discursos subieron de tono, principalmente porque la Secretar\u00eda de la Defensa Nacional (SEDENA) no ha permitido que se interrogue al personal que estuvo en la cuna de la bandera la noche en que se suscitaron los ataques.<br \/>\nAl final lanzaron piedras y cohetones en contra de la puerta principal de dichas instalaciones militares, lo que se desarroll\u00f3 durante varios minutos.<br \/>\nDespu\u00e9s, antes de que al lugar arribaran elementos de la polic\u00eda, o que los soldados reaccionaran decidieron retirarse.<br \/>\nEste s\u00e1bado, en una reuni\u00f3n que se desarrollar\u00e1 en la Ciudad de M\u00e9xico, los normalistas y padres de los 43 decidir\u00e1n en que lugar se desarrollar\u00e1 la marcha del 26 de septiembre, ya que en la capital del pa\u00eds no hay condiciones para movilizarse, por todas las secuelas que se enfrentan, tras el sismo del pasado 19 de septiembre.<\/p>\n","protected":false},"excerpt":{"rendered":"<p>Padres de los 43 y estudiantes de la Normal Rural de Ayotzinapa lanzaron piedras y cohetones contra la puerta del cuartel que alberga al 27 batall\u00f3n de Infanter\u00eda, en Iguala&hellip; <\/p>\n","protected":false},"author":1,"featured_media":0,"comment_status":"closed","ping_status":"closed","sticky":false,"template":"","format":"standard","meta":{"fifu_image_url":"","fifu_image_alt":"","footnotes":""},"categories":[8,15],"tags":[],"class_list":["post-8445","post","type-post","status-publish","format-standard","hentry","category-featured","category-movimientos-sociales"],"_links":{"self":[{"href":"https:\/\/www.interaccionnoticias.com.mx\/index.php?rest_route=\/wp\/v2\/posts\/8445","targetHints":{"allow":["GET"]}}],"collection":[{"href":"https:\/\/www.interaccionnoticias.com.mx\/index.php?rest_route=\/wp\/v2\/posts"}],"about":[{"href":"https:\/\/www.interaccionnoticias.com.mx\/index.php?rest_route=\/wp\/v2\/types\/post"}],"author":[{"embeddable":true,"href":"https:\/\/www.interaccionnoticias.com.mx\/index.php?rest_route=\/wp\/v2\/users\/1"}],"replies":[{"embeddable":true,"href":"https:\/\/www.interaccionnoticias.com.mx\/index.php?rest_route=%2Fwp%2Fv2%2Fcomments&post=8445"}],"version-history":[{"count":0,"href":"https:\/\/www.interaccionnoticias.com.mx\/index.php?rest_route=\/wp\/v2\/posts\/8445\/revisions"}],"wp:attachment":[{"href":"https:\/\/www.interaccionnoticias.com.mx\/index.php?rest_route=%2Fwp%2Fv2%2Fmedia&parent=8445"}],"wp:term":[{"taxonomy":"category","embeddable":true,"href":"https:\/\/www.interaccionnoticias.com.mx\/index.php?rest_route=%2Fwp%2Fv2%2Fcategories&post=8445"},{"taxonomy":"post_tag","embeddable":true,"href":"https:\/\/www.interaccionnoticias.com.mx\/index.php?rest_route=%2Fwp%2Fv2%2Ftags&post=8445"}],"curies":[{"name":"wp","href":"https:\/\/api.w.org\/{rel}","templated":true}]}}