{"id":84371,"date":"2024-11-14T18:18:00","date_gmt":"2024-11-15T00:18:00","guid":{"rendered":"https:\/\/www.interaccionnoticias.com.mx\/?p=84371"},"modified":"2024-11-14T19:11:58","modified_gmt":"2024-11-15T01:11:58","slug":"el-iepc-guerrero-da-por-concluido-el-proceso-electoral-2023-2024","status":"publish","type":"post","link":"https:\/\/www.interaccionnoticias.com.mx\/?p=84371","title":{"rendered":"El IEPC Guerrero da por concluido el proceso electoral 2023-2024"},"content":{"rendered":"\n<p><em><strong>&#8212; Hubo grandes desaf\u00edos presupuestales, t\u00e9cnicos y log\u00edsticos sin precedentes: Luz Fabiola Matildes<\/strong><\/em><\/p>\n\n\n\n<p><strong>Rosario Garc\u00eda Orozco<\/strong><\/p>\n\n\n\n<p>Con \u00abgrandes desaf\u00edos presupuestales, t\u00e9cnicos y log\u00edsticos sin precedentes\u00bb, el Instituto Electoral y de Participaci\u00f3n Ciudadana (IEPC) dio por concluido el proceso electoral de diputaciones locales y ayuntamientos 2023-2024, inform\u00f3 la presidenta de ese \u00f3rgano electoral, Luz Fabiola Matildes Gama.<\/p>\n\n\n\n<p>Durante la sesi\u00f3n del Consejo General del IEPC de este jueves, la funcionaria electoral, explic\u00f3 que el pasado 8 de septiembre del 2023 dio inicio el proceso electoral de diputaciones locales 2023-2024.<\/p>\n\n\n\n<p>Con la organizaci\u00f3n y trabajo denodado de los trabajadores de ese \u00f3rgano electoral, el pasado 2 de junio la ciudadan\u00eda eligi\u00f3 a sus autoridades municipales y legisladores, dijo Matildes Gama.<\/p>\n\n\n\n<p>Pasados ya 433 d\u00edas, el IEPC con el acompa\u00f1amiento de las representaciones de los partidos pol\u00edticos, el pueblo afromexicano y los pueblos originarios, \u00abfuimos testigos de la resiliencia de este \u00f3rgano electoral para hacer frente a estos desaf\u00edos y lograr concluir este proceso electoral de forma exitosa\u00bb.<\/p>\n\n\n\n<p>Agreg\u00f3 que en todo momento apelaron a la madurez democr\u00e1tica de los partidos pol\u00edticos y de la ciudadan\u00eda, buscando contribuir a la estabilidad social a trav\u00e9s de las elecciones, \u00abcon el deber cumplido podemos decir que el IEPC Guerrero contun\u00faa contribuyendo a la consolidaci\u00f3n de una democracia plural, paritaria e incluyente en el estado de Guerrero\u00bb.<\/p>\n\n\n\n<p>Tambi\u00e9n reconoci\u00f3 el trabajo realizado por las consejeras y consejeros que formaron parte de ese \u00f3rgano electoral durante el proceso electoral, as\u00ed como a las representaciones de los partidos, por su civilidad pol\u00edtica y compromiso con el estado de Guerrero, ya que a pesar de las diferencias que pudieron existir entre quienes compiten por los poderes p\u00fablicos en las urnas, se privilegi\u00f3 siempre el di\u00e1logo para dirimir sus diferencias pol\u00edticas de manera civilizada\u00bb.<\/p>\n\n\n\n<p>De la misma manera hizo un reconocimiento a la participaci\u00f3n de las representaciones de los pueblos afromexicanos y pueblos originarios, por su acompa\u00f1amiento y vigilancia durante el proceso electoral.<\/p>\n\n\n\n<p>A quienes participaron como funcionarios de casilla y a los ciudadanos que acudieron a las urnar a votar les reconoci\u00f3 su participaci\u00f3n en este proceso electoral \u00abconcurrente y exitoso\u00bb.<\/p>\n","protected":false},"excerpt":{"rendered":"<p>&#8212; Hubo grandes desaf\u00edos presupuestales, t\u00e9cnicos y log\u00edsticos sin precedentes: Luz Fabiola Matildes Rosario Garc\u00eda Orozco Con \u00abgrandes desaf\u00edos presupuestales, t\u00e9cnicos y log\u00edsticos sin precedentes\u00bb, el Instituto Electoral y de&hellip; <\/p>\n","protected":false},"author":14,"featured_media":84372,"comment_status":"open","ping_status":"open","sticky":false,"template":"","format":"standard","meta":{"fifu_image_url":"","fifu_image_alt":"","footnotes":""},"categories":[17],"tags":[],"class_list":["post-84371","post","type-post","status-publish","format-standard","has-post-thumbnail","hentry","category-organos-electorales"],"_links":{"self":[{"href":"https:\/\/www.interaccionnoticias.com.mx\/index.php?rest_route=\/wp\/v2\/posts\/84371","targetHints":{"allow":["GET"]}}],"collection":[{"href":"https:\/\/www.interaccionnoticias.com.mx\/index.php?rest_route=\/wp\/v2\/posts"}],"about":[{"href":"https:\/\/www.interaccionnoticias.com.mx\/index.php?rest_route=\/wp\/v2\/types\/post"}],"author":[{"embeddable":true,"href":"https:\/\/www.interaccionnoticias.com.mx\/index.php?rest_route=\/wp\/v2\/users\/14"}],"replies":[{"embeddable":true,"href":"https:\/\/www.interaccionnoticias.com.mx\/index.php?rest_route=%2Fwp%2Fv2%2Fcomments&post=84371"}],"version-history":[{"count":1,"href":"https:\/\/www.interaccionnoticias.com.mx\/index.php?rest_route=\/wp\/v2\/posts\/84371\/revisions"}],"predecessor-version":[{"id":84373,"href":"https:\/\/www.interaccionnoticias.com.mx\/index.php?rest_route=\/wp\/v2\/posts\/84371\/revisions\/84373"}],"wp:featuredmedia":[{"embeddable":true,"href":"https:\/\/www.interaccionnoticias.com.mx\/index.php?rest_route=\/wp\/v2\/media\/84372"}],"wp:attachment":[{"href":"https:\/\/www.interaccionnoticias.com.mx\/index.php?rest_route=%2Fwp%2Fv2%2Fmedia&parent=84371"}],"wp:term":[{"taxonomy":"category","embeddable":true,"href":"https:\/\/www.interaccionnoticias.com.mx\/index.php?rest_route=%2Fwp%2Fv2%2Fcategories&post=84371"},{"taxonomy":"post_tag","embeddable":true,"href":"https:\/\/www.interaccionnoticias.com.mx\/index.php?rest_route=%2Fwp%2Fv2%2Ftags&post=84371"}],"curies":[{"name":"wp","href":"https:\/\/api.w.org\/{rel}","templated":true}]}}