{"id":84365,"date":"2024-11-14T17:56:00","date_gmt":"2024-11-14T23:56:00","guid":{"rendered":"https:\/\/www.interaccionnoticias.com.mx\/?p=84365"},"modified":"2024-11-14T19:10:09","modified_gmt":"2024-11-15T01:10:09","slug":"pide-la-crac-pc-al-congreso-local-reconocer-su-sistema-de-seguridad-y-justicia","status":"publish","type":"post","link":"https:\/\/www.interaccionnoticias.com.mx\/?p=84365","title":{"rendered":"Pide la CRAC-PC al Congreso local reconocer su sistema de Seguridad y Justicia"},"content":{"rendered":"\n<p><em><strong>&#8212; Desde hace 29 a\u00f1os, el sistema de seguridad y justicia comunitaria ofrece resultados en la Costa-Monta\u00f1a, se\u00f1alan las casas de justicia<br>&#8212; Instalan mesa de trabajo con el presidente de la JUCOPO, se incorpora el subsecretario de Gobierno, Francisco Rodr\u00edguez Cisneros<\/strong><\/em><\/p>\n\n\n\n<p><strong>Yasm\u00edn Garc\u00eda<\/strong><\/p>\n\n\n\n<p>Integrantes de las cinco casas de justicia de la Coordinadora Regional de Autoridades Comunitarias Polic\u00eda Municipal Comunitaria (CRAC -PC), marcharon en la capital del estado para exigir el reconocimiento de su sistema de seguridad y justicia, basado en los usos y costumbres de los pueblos originarios.<\/p>\n\n\n\n<p>Ezequiel Catal\u00e1n, Coordinador de la casa de justicia de San Luis Acatl\u00e1n, junto con los representantes de Espino Blanco, Caxitepec, El Para\u00edso y Zitlaltepec, exigieron al Congreso de Guerrero que se reforme la ley 701 en materia de derechos y cultura ind\u00edgena, para que nuevamente se reconozca la figura de la polic\u00eda comuntaria, adem\u00e1s de su trabajo sustentado en materia de reeducaci\u00f3n.<\/p>\n\n\n\n<p>\u00abCuando el Estado fue ausente, fue omiso a sus responsabilidades de garantizar seguridad en la Monta\u00f1a y no hubo otra salida, por eso se form\u00f3 la polic\u00eda comunitaria, seguimos pr\u00e1cticamente como iniciamos y hemos dado resultados muy contundentes\u00bb, dijo el coordinador de San Luis Acatl\u00e1n.<\/p>\n\n\n\n<p>Sostuvo que la reforma ind\u00edgena y afromexicana aprobada a nivel federal, no reconoce su sistema de seguridad y justicia, por lo que coloca a sus integrantes en una situaci\u00f3n de vulnerabilidad, porque al no estar reconocidos, puede ser perseguidos por las autoridades.<\/p>\n\n\n\n<p>\u00abDesde hace 29 a\u00f1os hemos exigido a las autoridades que se les reconozcan sus derechos como una agrupaci\u00f3n comunitaria\u00bb, recalc\u00f3.<\/p>\n\n\n\n<p>Los coordinadores y representantes de las cinco Casas de Justicia ingresaron a las instalaciones del Congreso para instalar una mesa de trabajo, en la que estuvo presente el presidente de la Junta de Coordinaci\u00f3n Pol\u00edtica (Jucopo) del Congreso, Jes\u00fas Uri\u00f3stegui Garc\u00eda.<\/p>\n\n\n\n<p>Tambi\u00e9n se incorpor\u00f3 el diputado local P\u00e1nfilo S\u00e1nchez y la diputada Araceli Ocampo Manzanarez.<\/p>\n\n\n\n<p>Tambi\u00e9n lleg\u00f3 el subsecretario de Desarrollo Pol\u00edtico y Social de la Secretar\u00eda General de Gobierno, Francisco Rodr\u00edguez Cisneros, con quien la CRAC-PC ya ha sostenido varios encuentros.<\/p>\n\n\n\n<p>Los representantes de la CRAC marcharon de la entrada sur de la ciudad, muchos de ellos vistieron sus playeras verde olivo con los emblemas que les dan identidad, sin embargo no portaron armas, lo que evit\u00f3 que tuvieran alguna complicaci\u00f3n con las autoridades.<\/p>\n\n\n\n<p>La jornada termin\u00f3 sin que se registrara ning\u00fan disturbio.<\/p>\n\n\n\n<div class=\"wp-block-jetpack-slideshow aligncenter\" data-effect=\"slide\"><div class=\"wp-block-jetpack-slideshow_container swiper-container\"><ul class=\"wp-block-jetpack-slideshow_swiper-wrapper swiper-wrapper\"><li class=\"wp-block-jetpack-slideshow_slide swiper-slide\"><figure><img decoding=\"async\" src=\"data:image\/gif;base64,R0lGODlhAQABAIAAAAAAAP\/\/\/ywAAAAAAQABAAACAUwAOw==\" fifu-lazy=\"1\" fifu-data-sizes=\"auto\" fifu-data-srcset=\"https:\/\/i0.wp.com\/www.interaccionnoticias.com.mx\/wp-content\/uploads\/2024\/11\/241114-CRAC-PC-al-Congreso-1-1024x683.jpg?ssl=1&w=75&resize=75&ssl=1 75w, https:\/\/i0.wp.com\/www.interaccionnoticias.com.mx\/wp-content\/uploads\/2024\/11\/241114-CRAC-PC-al-Congreso-1-1024x683.jpg?ssl=1&w=100&resize=100&ssl=1 100w, https:\/\/i0.wp.com\/www.interaccionnoticias.com.mx\/wp-content\/uploads\/2024\/11\/241114-CRAC-PC-al-Congreso-1-1024x683.jpg?ssl=1&w=150&resize=150&ssl=1 150w, https:\/\/i0.wp.com\/www.interaccionnoticias.com.mx\/wp-content\/uploads\/2024\/11\/241114-CRAC-PC-al-Congreso-1-1024x683.jpg?ssl=1&w=240&resize=240&ssl=1 240w, https:\/\/i0.wp.com\/www.interaccionnoticias.com.mx\/wp-content\/uploads\/2024\/11\/241114-CRAC-PC-al-Congreso-1-1024x683.jpg?ssl=1&w=320&resize=320&ssl=1 320w, https:\/\/i0.wp.com\/www.interaccionnoticias.com.mx\/wp-content\/uploads\/2024\/11\/241114-CRAC-PC-al-Congreso-1-1024x683.jpg?ssl=1&w=500&resize=500&ssl=1 500w, https:\/\/i0.wp.com\/www.interaccionnoticias.com.mx\/wp-content\/uploads\/2024\/11\/241114-CRAC-PC-al-Congreso-1-1024x683.jpg?ssl=1&w=640&resize=640&ssl=1 640w, https:\/\/i0.wp.com\/www.interaccionnoticias.com.mx\/wp-content\/uploads\/2024\/11\/241114-CRAC-PC-al-Congreso-1-1024x683.jpg?ssl=1&w=800&resize=800&ssl=1 800w, https:\/\/i0.wp.com\/www.interaccionnoticias.com.mx\/wp-content\/uploads\/2024\/11\/241114-CRAC-PC-al-Congreso-1-1024x683.jpg?ssl=1&w=1024&resize=1024&ssl=1 1024w, https:\/\/i0.wp.com\/www.interaccionnoticias.com.mx\/wp-content\/uploads\/2024\/11\/241114-CRAC-PC-al-Congreso-1-1024x683.jpg?ssl=1&w=1280&resize=1280&ssl=1 1280w, https:\/\/i0.wp.com\/www.interaccionnoticias.com.mx\/wp-content\/uploads\/2024\/11\/241114-CRAC-PC-al-Congreso-1-1024x683.jpg?ssl=1&w=1600&resize=1600&ssl=1 1600w\" alt=\"\" class=\"wp-block-jetpack-slideshow_image wp-image-84367\" data-id=\"84367\" fifu-data-src=\"https:\/\/i0.wp.com\/www.interaccionnoticias.com.mx\/wp-content\/uploads\/2024\/11\/241114-CRAC-PC-al-Congreso-1-1024x683.jpg?ssl=1\"\/><\/figure><\/li><li class=\"wp-block-jetpack-slideshow_slide swiper-slide\"><figure><img decoding=\"async\" src=\"data:image\/gif;base64,R0lGODlhAQABAIAAAAAAAP\/\/\/ywAAAAAAQABAAACAUwAOw==\" fifu-lazy=\"1\" fifu-data-sizes=\"auto\" fifu-data-srcset=\"https:\/\/i1.wp.com\/www.interaccionnoticias.com.mx\/wp-content\/uploads\/2024\/11\/241114-CRAC-PC-al-Congreso-3-1024x683.jpg?ssl=1&w=75&resize=75&ssl=1 75w, https:\/\/i1.wp.com\/www.interaccionnoticias.com.mx\/wp-content\/uploads\/2024\/11\/241114-CRAC-PC-al-Congreso-3-1024x683.jpg?ssl=1&w=100&resize=100&ssl=1 100w, https:\/\/i1.wp.com\/www.interaccionnoticias.com.mx\/wp-content\/uploads\/2024\/11\/241114-CRAC-PC-al-Congreso-3-1024x683.jpg?ssl=1&w=150&resize=150&ssl=1 150w, https:\/\/i1.wp.com\/www.interaccionnoticias.com.mx\/wp-content\/uploads\/2024\/11\/241114-CRAC-PC-al-Congreso-3-1024x683.jpg?ssl=1&w=240&resize=240&ssl=1 240w, https:\/\/i1.wp.com\/www.interaccionnoticias.com.mx\/wp-content\/uploads\/2024\/11\/241114-CRAC-PC-al-Congreso-3-1024x683.jpg?ssl=1&w=320&resize=320&ssl=1 320w, https:\/\/i1.wp.com\/www.interaccionnoticias.com.mx\/wp-content\/uploads\/2024\/11\/241114-CRAC-PC-al-Congreso-3-1024x683.jpg?ssl=1&w=500&resize=500&ssl=1 500w, https:\/\/i1.wp.com\/www.interaccionnoticias.com.mx\/wp-content\/uploads\/2024\/11\/241114-CRAC-PC-al-Congreso-3-1024x683.jpg?ssl=1&w=640&resize=640&ssl=1 640w, https:\/\/i1.wp.com\/www.interaccionnoticias.com.mx\/wp-content\/uploads\/2024\/11\/241114-CRAC-PC-al-Congreso-3-1024x683.jpg?ssl=1&w=800&resize=800&ssl=1 800w, https:\/\/i1.wp.com\/www.interaccionnoticias.com.mx\/wp-content\/uploads\/2024\/11\/241114-CRAC-PC-al-Congreso-3-1024x683.jpg?ssl=1&w=1024&resize=1024&ssl=1 1024w, https:\/\/i1.wp.com\/www.interaccionnoticias.com.mx\/wp-content\/uploads\/2024\/11\/241114-CRAC-PC-al-Congreso-3-1024x683.jpg?ssl=1&w=1280&resize=1280&ssl=1 1280w, https:\/\/i1.wp.com\/www.interaccionnoticias.com.mx\/wp-content\/uploads\/2024\/11\/241114-CRAC-PC-al-Congreso-3-1024x683.jpg?ssl=1&w=1600&resize=1600&ssl=1 1600w\" alt=\"\" class=\"wp-block-jetpack-slideshow_image wp-image-84369\" data-id=\"84369\" fifu-data-src=\"https:\/\/i1.wp.com\/www.interaccionnoticias.com.mx\/wp-content\/uploads\/2024\/11\/241114-CRAC-PC-al-Congreso-3-1024x683.jpg?ssl=1\"\/><\/figure><\/li><li class=\"wp-block-jetpack-slideshow_slide swiper-slide\"><figure><img decoding=\"async\" src=\"data:image\/gif;base64,R0lGODlhAQABAIAAAAAAAP\/\/\/ywAAAAAAQABAAACAUwAOw==\" fifu-lazy=\"1\" fifu-data-sizes=\"auto\" fifu-data-srcset=\"https:\/\/i1.wp.com\/www.interaccionnoticias.com.mx\/wp-content\/uploads\/2024\/11\/241114-CRAC-PC-al-Congreso-4-1024x683.jpg?ssl=1&w=75&resize=75&ssl=1 75w, https:\/\/i1.wp.com\/www.interaccionnoticias.com.mx\/wp-content\/uploads\/2024\/11\/241114-CRAC-PC-al-Congreso-4-1024x683.jpg?ssl=1&w=100&resize=100&ssl=1 100w, https:\/\/i1.wp.com\/www.interaccionnoticias.com.mx\/wp-content\/uploads\/2024\/11\/241114-CRAC-PC-al-Congreso-4-1024x683.jpg?ssl=1&w=150&resize=150&ssl=1 150w, https:\/\/i1.wp.com\/www.interaccionnoticias.com.mx\/wp-content\/uploads\/2024\/11\/241114-CRAC-PC-al-Congreso-4-1024x683.jpg?ssl=1&w=240&resize=240&ssl=1 240w, https:\/\/i1.wp.com\/www.interaccionnoticias.com.mx\/wp-content\/uploads\/2024\/11\/241114-CRAC-PC-al-Congreso-4-1024x683.jpg?ssl=1&w=320&resize=320&ssl=1 320w, https:\/\/i1.wp.com\/www.interaccionnoticias.com.mx\/wp-content\/uploads\/2024\/11\/241114-CRAC-PC-al-Congreso-4-1024x683.jpg?ssl=1&w=500&resize=500&ssl=1 500w, https:\/\/i1.wp.com\/www.interaccionnoticias.com.mx\/wp-content\/uploads\/2024\/11\/241114-CRAC-PC-al-Congreso-4-1024x683.jpg?ssl=1&w=640&resize=640&ssl=1 640w, https:\/\/i1.wp.com\/www.interaccionnoticias.com.mx\/wp-content\/uploads\/2024\/11\/241114-CRAC-PC-al-Congreso-4-1024x683.jpg?ssl=1&w=800&resize=800&ssl=1 800w, https:\/\/i1.wp.com\/www.interaccionnoticias.com.mx\/wp-content\/uploads\/2024\/11\/241114-CRAC-PC-al-Congreso-4-1024x683.jpg?ssl=1&w=1024&resize=1024&ssl=1 1024w, https:\/\/i1.wp.com\/www.interaccionnoticias.com.mx\/wp-content\/uploads\/2024\/11\/241114-CRAC-PC-al-Congreso-4-1024x683.jpg?ssl=1&w=1280&resize=1280&ssl=1 1280w, https:\/\/i1.wp.com\/www.interaccionnoticias.com.mx\/wp-content\/uploads\/2024\/11\/241114-CRAC-PC-al-Congreso-4-1024x683.jpg?ssl=1&w=1600&resize=1600&ssl=1 1600w\" alt=\"\" class=\"wp-block-jetpack-slideshow_image wp-image-84366\" data-id=\"84366\" fifu-data-src=\"https:\/\/i1.wp.com\/www.interaccionnoticias.com.mx\/wp-content\/uploads\/2024\/11\/241114-CRAC-PC-al-Congreso-4-1024x683.jpg?ssl=1\"\/><\/figure><\/li><li class=\"wp-block-jetpack-slideshow_slide swiper-slide\"><figure><img decoding=\"async\" src=\"data:image\/gif;base64,R0lGODlhAQABAIAAAAAAAP\/\/\/ywAAAAAAQABAAACAUwAOw==\" fifu-lazy=\"1\" fifu-data-sizes=\"auto\" fifu-data-srcset=\"https:\/\/i3.wp.com\/www.interaccionnoticias.com.mx\/wp-content\/uploads\/2024\/11\/241114-CRAC-PC-al-Congreso-2-1024x683.jpg?ssl=1&w=75&resize=75&ssl=1 75w, https:\/\/i3.wp.com\/www.interaccionnoticias.com.mx\/wp-content\/uploads\/2024\/11\/241114-CRAC-PC-al-Congreso-2-1024x683.jpg?ssl=1&w=100&resize=100&ssl=1 100w, https:\/\/i3.wp.com\/www.interaccionnoticias.com.mx\/wp-content\/uploads\/2024\/11\/241114-CRAC-PC-al-Congreso-2-1024x683.jpg?ssl=1&w=150&resize=150&ssl=1 150w, https:\/\/i3.wp.com\/www.interaccionnoticias.com.mx\/wp-content\/uploads\/2024\/11\/241114-CRAC-PC-al-Congreso-2-1024x683.jpg?ssl=1&w=240&resize=240&ssl=1 240w, https:\/\/i3.wp.com\/www.interaccionnoticias.com.mx\/wp-content\/uploads\/2024\/11\/241114-CRAC-PC-al-Congreso-2-1024x683.jpg?ssl=1&w=320&resize=320&ssl=1 320w, https:\/\/i3.wp.com\/www.interaccionnoticias.com.mx\/wp-content\/uploads\/2024\/11\/241114-CRAC-PC-al-Congreso-2-1024x683.jpg?ssl=1&w=500&resize=500&ssl=1 500w, https:\/\/i3.wp.com\/www.interaccionnoticias.com.mx\/wp-content\/uploads\/2024\/11\/241114-CRAC-PC-al-Congreso-2-1024x683.jpg?ssl=1&w=640&resize=640&ssl=1 640w, https:\/\/i3.wp.com\/www.interaccionnoticias.com.mx\/wp-content\/uploads\/2024\/11\/241114-CRAC-PC-al-Congreso-2-1024x683.jpg?ssl=1&w=800&resize=800&ssl=1 800w, https:\/\/i3.wp.com\/www.interaccionnoticias.com.mx\/wp-content\/uploads\/2024\/11\/241114-CRAC-PC-al-Congreso-2-1024x683.jpg?ssl=1&w=1024&resize=1024&ssl=1 1024w, https:\/\/i3.wp.com\/www.interaccionnoticias.com.mx\/wp-content\/uploads\/2024\/11\/241114-CRAC-PC-al-Congreso-2-1024x683.jpg?ssl=1&w=1280&resize=1280&ssl=1 1280w, https:\/\/i3.wp.com\/www.interaccionnoticias.com.mx\/wp-content\/uploads\/2024\/11\/241114-CRAC-PC-al-Congreso-2-1024x683.jpg?ssl=1&w=1600&resize=1600&ssl=1 1600w\" alt=\"\" class=\"wp-block-jetpack-slideshow_image wp-image-84368\" data-id=\"84368\" fifu-data-src=\"https:\/\/i3.wp.com\/www.interaccionnoticias.com.mx\/wp-content\/uploads\/2024\/11\/241114-CRAC-PC-al-Congreso-2-1024x683.jpg?ssl=1\"\/><\/figure><\/li><\/ul><a class=\"wp-block-jetpack-slideshow_button-prev swiper-button-prev swiper-button-white\" role=\"button\"><\/a><a class=\"wp-block-jetpack-slideshow_button-next swiper-button-next swiper-button-white\" role=\"button\"><\/a><a aria-label=\"Pause Slideshow\" class=\"wp-block-jetpack-slideshow_button-pause\" role=\"button\"><\/a><div class=\"wp-block-jetpack-slideshow_pagination swiper-pagination swiper-pagination-white\"><\/div><\/div><\/div>\n","protected":false},"excerpt":{"rendered":"<p>&#8212; Desde hace 29 a\u00f1os, el sistema de seguridad y justicia comunitaria ofrece resultados en la Costa-Monta\u00f1a, se\u00f1alan las casas de justicia&#8212; Instalan mesa de trabajo con el presidente de&hellip; <\/p>\n","protected":false},"author":32,"featured_media":84366,"comment_status":"open","ping_status":"open","sticky":false,"template":"","format":"standard","meta":{"fifu_image_url":"","fifu_image_alt":"","footnotes":""},"categories":[2],"tags":[],"class_list":["post-84365","post","type-post","status-publish","format-standard","has-post-thumbnail","hentry","category-congreso"],"_links":{"self":[{"href":"https:\/\/www.interaccionnoticias.com.mx\/index.php?rest_route=\/wp\/v2\/posts\/84365","targetHints":{"allow":["GET"]}}],"collection":[{"href":"https:\/\/www.interaccionnoticias.com.mx\/index.php?rest_route=\/wp\/v2\/posts"}],"about":[{"href":"https:\/\/www.interaccionnoticias.com.mx\/index.php?rest_route=\/wp\/v2\/types\/post"}],"author":[{"embeddable":true,"href":"https:\/\/www.interaccionnoticias.com.mx\/index.php?rest_route=\/wp\/v2\/users\/32"}],"replies":[{"embeddable":true,"href":"https:\/\/www.interaccionnoticias.com.mx\/index.php?rest_route=%2Fwp%2Fv2%2Fcomments&post=84365"}],"version-history":[{"count":1,"href":"https:\/\/www.interaccionnoticias.com.mx\/index.php?rest_route=\/wp\/v2\/posts\/84365\/revisions"}],"predecessor-version":[{"id":84370,"href":"https:\/\/www.interaccionnoticias.com.mx\/index.php?rest_route=\/wp\/v2\/posts\/84365\/revisions\/84370"}],"wp:featuredmedia":[{"embeddable":true,"href":"https:\/\/www.interaccionnoticias.com.mx\/index.php?rest_route=\/wp\/v2\/media\/84366"}],"wp:attachment":[{"href":"https:\/\/www.interaccionnoticias.com.mx\/index.php?rest_route=%2Fwp%2Fv2%2Fmedia&parent=84365"}],"wp:term":[{"taxonomy":"category","embeddable":true,"href":"https:\/\/www.interaccionnoticias.com.mx\/index.php?rest_route=%2Fwp%2Fv2%2Fcategories&post=84365"},{"taxonomy":"post_tag","embeddable":true,"href":"https:\/\/www.interaccionnoticias.com.mx\/index.php?rest_route=%2Fwp%2Fv2%2Ftags&post=84365"}],"curies":[{"name":"wp","href":"https:\/\/api.w.org\/{rel}","templated":true}]}}