{"id":84332,"date":"2024-11-14T11:08:58","date_gmt":"2024-11-14T17:08:58","guid":{"rendered":"https:\/\/www.interaccionnoticias.com.mx\/?p=84332"},"modified":"2024-11-14T11:09:00","modified_gmt":"2024-11-14T17:09:00","slug":"ya-hay-jefe-de-la-policia-preventiva-en-chilpancingo-tras-la-detencion-del-ex-militar-german-reyes-reyes","status":"publish","type":"post","link":"https:\/\/www.interaccionnoticias.com.mx\/?p=84332","title":{"rendered":"Ya hay jefe de la polic\u00eda preventiva en Chilpancingo, tras la detenci\u00f3n del ex militar Germ\u00e1n Reyes Reyes"},"content":{"rendered":"\n<p><em><strong>&#8212; El alcalde Gustavo Alarc\u00f3n confirma la designaci\u00f3n de un mando, pero no da a conocer qui\u00e9n es el funcionario<\/strong><\/em><\/p>\n\n\n\n<p><strong>Rogelio Agust\u00edn<\/strong><\/p>\n\n\n\n<p>El alcalde Gustavo Alarc\u00f3n Herrera confirm\u00f3 que ya hay encargado de Seguridad P\u00fablica en la capital del estado, pero se abstuvo de dar a conocer qui\u00e9n es el funcionario que se encuentra a cargo de las tareas de prevenci\u00f3n del delito.<\/p>\n\n\n\n<p>De manera presurosa, resguardado por elementos de seguridad vestidos de civil, el primer edil abandon\u00f3 esta ma\u00f1ana el auditorio Jos\u00e9 Inocente Lugo, ubicado en la planta baja del Ayuntamiento.<\/p>\n\n\n\n<p>Se le cuestion\u00f3 si la Secretar\u00eda de Seguridad P\u00fablica Municipal (SSPM) ya tiene un encargado de despacho o si permanece ac\u00e9fala, ya que el pasado martes se registr\u00f3 la detenci\u00f3n del capit\u00e1n retirado del Ej\u00e9rcito Mexicano, Germ\u00e1n Reyes Reyes.<\/p>\n\n\n\n<p>El capit\u00e1n Reyes Reyes era el encargado de la Polic\u00eda Preventiva, fue detenido por elementos de la Polic\u00eda Investigadora Ministerial (PIM) por su probable responsabilidad en el asesinato del alcalde Alejandro Arcos Catal\u00e1n.<\/p>\n\n\n\n<p>\u00abS\u00ed, ya tenemos\u00bb, respondi\u00f3 presuroso el primer edil, confirmando que ya la SSPM cuenta con un mando polic\u00edaco.<\/p>\n\n\n\n<p>\u00bfLo va a dar a conocer?<\/p>\n\n\n\n<p>Se le insisti\u00f3, a lo que respondi\u00f3 sin dejar de caminar, siempre en medio de dos elementos de seguridad que lo resguardaban.<\/p>\n\n\n\n<p>La respuesta fue positiva pero sin detener la marcha, atraves\u00f3 la planta baja del Ayuntamiento y se detuvo hasta llegar a la puerta del elevador, el cual utiliz\u00f3 para subir los tres pisos que llevan hacia la presidencia municipal.<\/p>\n\n\n\n<p>En el auditorio Jos\u00e9 Inocente Lugo, esta ma\u00f1ana el presidente municipal encabez\u00f3 una conferencia magistral sobre Diabetes.<\/p>\n\n\n\n<p>Durante la semana que est\u00e1 en curso, en la capital del estado se han registrado hechos de violencia que dejan el saldo de cuatro personas asesinadas, s\u00f3lo en la cabecera municipal.<\/p>\n\n\n\n<div class=\"wp-block-jetpack-slideshow aligncenter\" data-effect=\"slide\"><div class=\"wp-block-jetpack-slideshow_container swiper-container\"><ul class=\"wp-block-jetpack-slideshow_swiper-wrapper swiper-wrapper\"><li class=\"wp-block-jetpack-slideshow_slide swiper-slide\"><figure><img decoding=\"async\" src=\"data:image\/gif;base64,R0lGODlhAQABAIAAAAAAAP\/\/\/ywAAAAAAQABAAACAUwAOw==\" fifu-lazy=\"1\" fifu-data-sizes=\"auto\" fifu-data-srcset=\"https:\/\/i2.wp.com\/www.interaccionnoticias.com.mx\/wp-content\/uploads\/2024\/11\/241114-Gustavo-Alarcon-Herrera-1-1024x683.jpg?ssl=1&w=75&resize=75&ssl=1 75w, https:\/\/i2.wp.com\/www.interaccionnoticias.com.mx\/wp-content\/uploads\/2024\/11\/241114-Gustavo-Alarcon-Herrera-1-1024x683.jpg?ssl=1&w=100&resize=100&ssl=1 100w, https:\/\/i2.wp.com\/www.interaccionnoticias.com.mx\/wp-content\/uploads\/2024\/11\/241114-Gustavo-Alarcon-Herrera-1-1024x683.jpg?ssl=1&w=150&resize=150&ssl=1 150w, https:\/\/i2.wp.com\/www.interaccionnoticias.com.mx\/wp-content\/uploads\/2024\/11\/241114-Gustavo-Alarcon-Herrera-1-1024x683.jpg?ssl=1&w=240&resize=240&ssl=1 240w, https:\/\/i2.wp.com\/www.interaccionnoticias.com.mx\/wp-content\/uploads\/2024\/11\/241114-Gustavo-Alarcon-Herrera-1-1024x683.jpg?ssl=1&w=320&resize=320&ssl=1 320w, https:\/\/i2.wp.com\/www.interaccionnoticias.com.mx\/wp-content\/uploads\/2024\/11\/241114-Gustavo-Alarcon-Herrera-1-1024x683.jpg?ssl=1&w=500&resize=500&ssl=1 500w, https:\/\/i2.wp.com\/www.interaccionnoticias.com.mx\/wp-content\/uploads\/2024\/11\/241114-Gustavo-Alarcon-Herrera-1-1024x683.jpg?ssl=1&w=640&resize=640&ssl=1 640w, https:\/\/i2.wp.com\/www.interaccionnoticias.com.mx\/wp-content\/uploads\/2024\/11\/241114-Gustavo-Alarcon-Herrera-1-1024x683.jpg?ssl=1&w=800&resize=800&ssl=1 800w, https:\/\/i2.wp.com\/www.interaccionnoticias.com.mx\/wp-content\/uploads\/2024\/11\/241114-Gustavo-Alarcon-Herrera-1-1024x683.jpg?ssl=1&w=1024&resize=1024&ssl=1 1024w, https:\/\/i2.wp.com\/www.interaccionnoticias.com.mx\/wp-content\/uploads\/2024\/11\/241114-Gustavo-Alarcon-Herrera-1-1024x683.jpg?ssl=1&w=1280&resize=1280&ssl=1 1280w, https:\/\/i2.wp.com\/www.interaccionnoticias.com.mx\/wp-content\/uploads\/2024\/11\/241114-Gustavo-Alarcon-Herrera-1-1024x683.jpg?ssl=1&w=1600&resize=1600&ssl=1 1600w\" alt=\"\" class=\"wp-block-jetpack-slideshow_image wp-image-84333\" data-id=\"84333\" fifu-data-src=\"https:\/\/i2.wp.com\/www.interaccionnoticias.com.mx\/wp-content\/uploads\/2024\/11\/241114-Gustavo-Alarcon-Herrera-1-1024x683.jpg?ssl=1\"\/><\/figure><\/li><li class=\"wp-block-jetpack-slideshow_slide swiper-slide\"><figure><img decoding=\"async\" src=\"data:image\/gif;base64,R0lGODlhAQABAIAAAAAAAP\/\/\/ywAAAAAAQABAAACAUwAOw==\" fifu-lazy=\"1\" fifu-data-sizes=\"auto\" fifu-data-srcset=\"https:\/\/i1.wp.com\/www.interaccionnoticias.com.mx\/wp-content\/uploads\/2024\/11\/241114-Gustavo-Alarcon-Herrera-2-1024x683.jpg?ssl=1&w=75&resize=75&ssl=1 75w, https:\/\/i1.wp.com\/www.interaccionnoticias.com.mx\/wp-content\/uploads\/2024\/11\/241114-Gustavo-Alarcon-Herrera-2-1024x683.jpg?ssl=1&w=100&resize=100&ssl=1 100w, https:\/\/i1.wp.com\/www.interaccionnoticias.com.mx\/wp-content\/uploads\/2024\/11\/241114-Gustavo-Alarcon-Herrera-2-1024x683.jpg?ssl=1&w=150&resize=150&ssl=1 150w, https:\/\/i1.wp.com\/www.interaccionnoticias.com.mx\/wp-content\/uploads\/2024\/11\/241114-Gustavo-Alarcon-Herrera-2-1024x683.jpg?ssl=1&w=240&resize=240&ssl=1 240w, https:\/\/i1.wp.com\/www.interaccionnoticias.com.mx\/wp-content\/uploads\/2024\/11\/241114-Gustavo-Alarcon-Herrera-2-1024x683.jpg?ssl=1&w=320&resize=320&ssl=1 320w, https:\/\/i1.wp.com\/www.interaccionnoticias.com.mx\/wp-content\/uploads\/2024\/11\/241114-Gustavo-Alarcon-Herrera-2-1024x683.jpg?ssl=1&w=500&resize=500&ssl=1 500w, https:\/\/i1.wp.com\/www.interaccionnoticias.com.mx\/wp-content\/uploads\/2024\/11\/241114-Gustavo-Alarcon-Herrera-2-1024x683.jpg?ssl=1&w=640&resize=640&ssl=1 640w, https:\/\/i1.wp.com\/www.interaccionnoticias.com.mx\/wp-content\/uploads\/2024\/11\/241114-Gustavo-Alarcon-Herrera-2-1024x683.jpg?ssl=1&w=800&resize=800&ssl=1 800w, https:\/\/i1.wp.com\/www.interaccionnoticias.com.mx\/wp-content\/uploads\/2024\/11\/241114-Gustavo-Alarcon-Herrera-2-1024x683.jpg?ssl=1&w=1024&resize=1024&ssl=1 1024w, https:\/\/i1.wp.com\/www.interaccionnoticias.com.mx\/wp-content\/uploads\/2024\/11\/241114-Gustavo-Alarcon-Herrera-2-1024x683.jpg?ssl=1&w=1280&resize=1280&ssl=1 1280w, https:\/\/i1.wp.com\/www.interaccionnoticias.com.mx\/wp-content\/uploads\/2024\/11\/241114-Gustavo-Alarcon-Herrera-2-1024x683.jpg?ssl=1&w=1600&resize=1600&ssl=1 1600w\" alt=\"\" class=\"wp-block-jetpack-slideshow_image wp-image-84334\" data-id=\"84334\" fifu-data-src=\"https:\/\/i1.wp.com\/www.interaccionnoticias.com.mx\/wp-content\/uploads\/2024\/11\/241114-Gustavo-Alarcon-Herrera-2-1024x683.jpg?ssl=1\"\/><\/figure><\/li><li class=\"wp-block-jetpack-slideshow_slide swiper-slide\"><figure><img decoding=\"async\" src=\"data:image\/gif;base64,R0lGODlhAQABAIAAAAAAAP\/\/\/ywAAAAAAQABAAACAUwAOw==\" fifu-lazy=\"1\" fifu-data-sizes=\"auto\" fifu-data-srcset=\"https:\/\/i3.wp.com\/www.interaccionnoticias.com.mx\/wp-content\/uploads\/2024\/11\/241114-Gustavo-Alarcon-Herrera-4-1024x683.jpg?ssl=1&w=75&resize=75&ssl=1 75w, https:\/\/i3.wp.com\/www.interaccionnoticias.com.mx\/wp-content\/uploads\/2024\/11\/241114-Gustavo-Alarcon-Herrera-4-1024x683.jpg?ssl=1&w=100&resize=100&ssl=1 100w, https:\/\/i3.wp.com\/www.interaccionnoticias.com.mx\/wp-content\/uploads\/2024\/11\/241114-Gustavo-Alarcon-Herrera-4-1024x683.jpg?ssl=1&w=150&resize=150&ssl=1 150w, https:\/\/i3.wp.com\/www.interaccionnoticias.com.mx\/wp-content\/uploads\/2024\/11\/241114-Gustavo-Alarcon-Herrera-4-1024x683.jpg?ssl=1&w=240&resize=240&ssl=1 240w, https:\/\/i3.wp.com\/www.interaccionnoticias.com.mx\/wp-content\/uploads\/2024\/11\/241114-Gustavo-Alarcon-Herrera-4-1024x683.jpg?ssl=1&w=320&resize=320&ssl=1 320w, https:\/\/i3.wp.com\/www.interaccionnoticias.com.mx\/wp-content\/uploads\/2024\/11\/241114-Gustavo-Alarcon-Herrera-4-1024x683.jpg?ssl=1&w=500&resize=500&ssl=1 500w, https:\/\/i3.wp.com\/www.interaccionnoticias.com.mx\/wp-content\/uploads\/2024\/11\/241114-Gustavo-Alarcon-Herrera-4-1024x683.jpg?ssl=1&w=640&resize=640&ssl=1 640w, https:\/\/i3.wp.com\/www.interaccionnoticias.com.mx\/wp-content\/uploads\/2024\/11\/241114-Gustavo-Alarcon-Herrera-4-1024x683.jpg?ssl=1&w=800&resize=800&ssl=1 800w, https:\/\/i3.wp.com\/www.interaccionnoticias.com.mx\/wp-content\/uploads\/2024\/11\/241114-Gustavo-Alarcon-Herrera-4-1024x683.jpg?ssl=1&w=1024&resize=1024&ssl=1 1024w, https:\/\/i3.wp.com\/www.interaccionnoticias.com.mx\/wp-content\/uploads\/2024\/11\/241114-Gustavo-Alarcon-Herrera-4-1024x683.jpg?ssl=1&w=1280&resize=1280&ssl=1 1280w, https:\/\/i3.wp.com\/www.interaccionnoticias.com.mx\/wp-content\/uploads\/2024\/11\/241114-Gustavo-Alarcon-Herrera-4-1024x683.jpg?ssl=1&w=1600&resize=1600&ssl=1 1600w\" alt=\"\" class=\"wp-block-jetpack-slideshow_image wp-image-84336\" data-id=\"84336\" fifu-data-src=\"https:\/\/i3.wp.com\/www.interaccionnoticias.com.mx\/wp-content\/uploads\/2024\/11\/241114-Gustavo-Alarcon-Herrera-4-1024x683.jpg?ssl=1\"\/><\/figure><\/li><\/ul><a class=\"wp-block-jetpack-slideshow_button-prev swiper-button-prev swiper-button-white\" role=\"button\"><\/a><a class=\"wp-block-jetpack-slideshow_button-next swiper-button-next swiper-button-white\" role=\"button\"><\/a><a aria-label=\"Pause Slideshow\" class=\"wp-block-jetpack-slideshow_button-pause\" role=\"button\"><\/a><div class=\"wp-block-jetpack-slideshow_pagination swiper-pagination swiper-pagination-white\"><\/div><\/div><\/div>\n","protected":false},"excerpt":{"rendered":"<p>&#8212; El alcalde Gustavo Alarc\u00f3n confirma la designaci\u00f3n de un mando, pero no da a conocer qui\u00e9n es el funcionario Rogelio Agust\u00edn El alcalde Gustavo Alarc\u00f3n Herrera confirm\u00f3 que ya&hellip; <\/p>\n","protected":false},"author":21,"featured_media":84334,"comment_status":"open","ping_status":"open","sticky":false,"template":"","format":"standard","meta":{"fifu_image_url":"","fifu_image_alt":"","footnotes":""},"categories":[1],"tags":[],"class_list":["post-84332","post","type-post","status-publish","format-standard","has-post-thumbnail","hentry","category-uncategorized"],"_links":{"self":[{"href":"https:\/\/www.interaccionnoticias.com.mx\/index.php?rest_route=\/wp\/v2\/posts\/84332","targetHints":{"allow":["GET"]}}],"collection":[{"href":"https:\/\/www.interaccionnoticias.com.mx\/index.php?rest_route=\/wp\/v2\/posts"}],"about":[{"href":"https:\/\/www.interaccionnoticias.com.mx\/index.php?rest_route=\/wp\/v2\/types\/post"}],"author":[{"embeddable":true,"href":"https:\/\/www.interaccionnoticias.com.mx\/index.php?rest_route=\/wp\/v2\/users\/21"}],"replies":[{"embeddable":true,"href":"https:\/\/www.interaccionnoticias.com.mx\/index.php?rest_route=%2Fwp%2Fv2%2Fcomments&post=84332"}],"version-history":[{"count":1,"href":"https:\/\/www.interaccionnoticias.com.mx\/index.php?rest_route=\/wp\/v2\/posts\/84332\/revisions"}],"predecessor-version":[{"id":84337,"href":"https:\/\/www.interaccionnoticias.com.mx\/index.php?rest_route=\/wp\/v2\/posts\/84332\/revisions\/84337"}],"wp:featuredmedia":[{"embeddable":true,"href":"https:\/\/www.interaccionnoticias.com.mx\/index.php?rest_route=\/wp\/v2\/media\/84334"}],"wp:attachment":[{"href":"https:\/\/www.interaccionnoticias.com.mx\/index.php?rest_route=%2Fwp%2Fv2%2Fmedia&parent=84332"}],"wp:term":[{"taxonomy":"category","embeddable":true,"href":"https:\/\/www.interaccionnoticias.com.mx\/index.php?rest_route=%2Fwp%2Fv2%2Fcategories&post=84332"},{"taxonomy":"post_tag","embeddable":true,"href":"https:\/\/www.interaccionnoticias.com.mx\/index.php?rest_route=%2Fwp%2Fv2%2Ftags&post=84332"}],"curies":[{"name":"wp","href":"https:\/\/api.w.org\/{rel}","templated":true}]}}