{"id":84312,"date":"2024-11-13T18:40:50","date_gmt":"2024-11-14T00:40:50","guid":{"rendered":"https:\/\/www.interaccionnoticias.com.mx\/?p=84312"},"modified":"2024-11-13T18:40:52","modified_gmt":"2024-11-14T00:40:52","slug":"comerciantes-reciben-con-buen-animo-el-anuncio-de-que-si-se-llevara-a-cabo-la-feria-de-san-mateo","status":"publish","type":"post","link":"https:\/\/www.interaccionnoticias.com.mx\/?p=84312","title":{"rendered":"Comerciantes reciben con buen \u00e1nimo el anuncio de que s\u00ed se llevar\u00e1 a cabo la feria de San Mateo"},"content":{"rendered":"\n<p><strong><em>&#8212; Es una oportunidad para impulsar la econom\u00eda local, dijo Mario Garc\u00eda, l\u00edder de comerciantes<\/em><\/strong><\/p>\n\n\n\n<p><strong>Rosario Garc\u00eda Orozco<\/strong><\/p>\n\n\n\n<p>El anuncio de que s\u00ed se llevar\u00e1 a cabo la feria de San Mateo Navidad y A\u00f1o Nuevo fue bien recibido por los comerciantes que a\u00f1o con a\u00f1o acuden al recinto ferial a expender sus productos, quienes consideran que es una buena oportunidad para reactivar la econom\u00eda de la capital.<\/p>\n\n\n\n<p>Mario Garc\u00eda Venancio, dirigente de los comerciantes que se instalan en la feria chilpancingue\u00f1a consider\u00f3 que \u00abes una buena noticia que est\u00e1bamos esperando los comerciantes que vamos a la feria, para nosotros representa algo muy importante econ\u00f3micamente hablando, independientemente de lo que tiene que ver con la tradici\u00f3n\u201d.<\/p>\n\n\n\n<p>Tras el anuncio hecho por el alcalde de Chilpancingo, Gustavo Alarc\u00f3n Herrera, en el sentido de que s\u00ed se llevar\u00e1 a cabo la feria, el dirigente de comerciantes mencion\u00f3 que para ellos es una oportunidad de trabajo, y que exist\u00eda preocupaci\u00f3n ante la posibilidad de que esa festividad fuera cancelada, por los hechos de violencia que se han registrado en la capital d Guerrero en los \u00faltimos meses.<\/p>\n\n\n\n<p>Asegur\u00f3 que para muchos comerciantes la feria de fin de a\u00f1o representa hacer frente a la econom\u00eda durante el a\u00f1o, \u00abnos va bien en esos d\u00edas\u00bb, por la derrama econ\u00f3mica que representa.<\/p>\n\n\n\n<p>\u201cEst\u00e1bamos preocupados, muy preocupados porque para nosotros es como nuestro aguinaldo, eso amortigua en el a\u00f1o el problema econ\u00f3mico porque es una feria bonita, es una de las mejores ferias del estado, tan es as\u00ed que muchos vienen de lejos a pasar los d\u00edas con sus familias y a vivir sus tradiciones en la feria\u201d.<\/p>\n\n\n\n<p>Garc\u00eda Venancio conf\u00edo en que la celebraci\u00f3n de la Feria de San Matero, Navidad y A\u00f1o Nuevo se lleve a cabo en un ambiente de armon\u00eda y cordialidad, que es lo que debe prevalecer en esta festividad.<\/p>\n\n\n\n<p>El recinto ferial tiene apenas un avance en su construcci\u00f3n del 80 por ciento, al respecto, el l\u00edder de comerciantes lament\u00f3 que los trabajos a\u00fan no est\u00e9n conlcluidos al 100 por ciento, sobre todo \u201cporque no hab\u00eda alg\u00fan lugar a donde quejarse y pedir que acelerar\u00e1 el proceso de construcci\u00f3n de nuestra feria\u00bb.<\/p>\n\n\n\n<p>Consider\u00f3 que se deber\u00e1n llevar a cabo reuniones con los integrantes del patronato de la feria y con el presidente municipal, Gustavo Alarc\u00f3n para atender detalles como el agua, drenaje y la energ\u00eda el\u00e9ctrica para los espacios comerciales.<\/p>\n\n\n\n<p>\u201cA nosotros los interesa que se lleve a cabo la feria en las condiciones en las que est\u00e9, a lo mejor no es lo ideal, pero nos vamos a poder a trabajar, para que la feria sea lo mejor posible\u00bb, se comprometi\u00f3 el dirigente.<\/p>\n\n\n\n<p>En la Feria de San Mateo, Navidad y A\u00f1o Nuevo, que tiene m\u00e1s de 150 a\u00f1os de historia, se instalan por lo menos 600 locales comerciales, lo que permite que se reactive la econom\u00eda local, y se diviertan las familias chilapancingue\u00f1as y sus visitantes, insisti\u00f3 Mario Garc\u00eda.<\/p>\n","protected":false},"excerpt":{"rendered":"<p>&#8212; Es una oportunidad para impulsar la econom\u00eda local, dijo Mario Garc\u00eda, l\u00edder de comerciantes Rosario Garc\u00eda Orozco El anuncio de que s\u00ed se llevar\u00e1 a cabo la feria de&hellip; <\/p>\n","protected":false},"author":14,"featured_media":84313,"comment_status":"open","ping_status":"open","sticky":false,"template":"","format":"standard","meta":{"fifu_image_url":"","fifu_image_alt":"","footnotes":""},"categories":[13],"tags":[],"class_list":["post-84312","post","type-post","status-publish","format-standard","has-post-thumbnail","hentry","category-capital"],"_links":{"self":[{"href":"https:\/\/www.interaccionnoticias.com.mx\/index.php?rest_route=\/wp\/v2\/posts\/84312","targetHints":{"allow":["GET"]}}],"collection":[{"href":"https:\/\/www.interaccionnoticias.com.mx\/index.php?rest_route=\/wp\/v2\/posts"}],"about":[{"href":"https:\/\/www.interaccionnoticias.com.mx\/index.php?rest_route=\/wp\/v2\/types\/post"}],"author":[{"embeddable":true,"href":"https:\/\/www.interaccionnoticias.com.mx\/index.php?rest_route=\/wp\/v2\/users\/14"}],"replies":[{"embeddable":true,"href":"https:\/\/www.interaccionnoticias.com.mx\/index.php?rest_route=%2Fwp%2Fv2%2Fcomments&post=84312"}],"version-history":[{"count":1,"href":"https:\/\/www.interaccionnoticias.com.mx\/index.php?rest_route=\/wp\/v2\/posts\/84312\/revisions"}],"predecessor-version":[{"id":84314,"href":"https:\/\/www.interaccionnoticias.com.mx\/index.php?rest_route=\/wp\/v2\/posts\/84312\/revisions\/84314"}],"wp:featuredmedia":[{"embeddable":true,"href":"https:\/\/www.interaccionnoticias.com.mx\/index.php?rest_route=\/wp\/v2\/media\/84313"}],"wp:attachment":[{"href":"https:\/\/www.interaccionnoticias.com.mx\/index.php?rest_route=%2Fwp%2Fv2%2Fmedia&parent=84312"}],"wp:term":[{"taxonomy":"category","embeddable":true,"href":"https:\/\/www.interaccionnoticias.com.mx\/index.php?rest_route=%2Fwp%2Fv2%2Fcategories&post=84312"},{"taxonomy":"post_tag","embeddable":true,"href":"https:\/\/www.interaccionnoticias.com.mx\/index.php?rest_route=%2Fwp%2Fv2%2Ftags&post=84312"}],"curies":[{"name":"wp","href":"https:\/\/api.w.org\/{rel}","templated":true}]}}