{"id":84287,"date":"2024-11-12T21:09:39","date_gmt":"2024-11-13T03:09:39","guid":{"rendered":"https:\/\/www.interaccionnoticias.com.mx\/?p=84287"},"modified":"2024-11-12T21:09:41","modified_gmt":"2024-11-13T03:09:41","slug":"soy-un-chivo-expiatorio-dice-jefe-de-la-policia-de-chilpancingo-vinculado-al-asesinato-del-alcalde-alejandro-arcos","status":"publish","type":"post","link":"https:\/\/www.interaccionnoticias.com.mx\/?p=84287","title":{"rendered":"\u201cSoy un chivo expiatorio\u201d, dice jefe de la polic\u00eda de Chilpancingo, vinculado al asesinato del alcalde Alejandro Arcos"},"content":{"rendered":"\n<p><strong><em>&#8212; Al ser presentado ante una Juez de Control, Germ\u00e1n Reyes Reyes sostuvo que no hay pruebas en su contra, adem\u00e1s de que no ten\u00eda motivos para atentar contra el alcalde<\/em><\/strong><\/p>\n\n\n\n<p><strong>Rogelio Agust\u00edn<\/strong><\/p>\n\n\n\n<p>\u201cSoy un chivo expiatorio\u201d, dijo el capit\u00e1n retirado del Ej\u00e9rcito Mexicano, Germ\u00e1n Reyes Reyes al ser presentado ante la Juez de Control que libr\u00f3 una orden de aprehensi\u00f3n en su contra, por la probable responsabilidad en el asesinato del presidente municipal Alejandro Arcos Catal\u00e1n.<\/p>\n\n\n\n<p>Reyes Reyes fue presentado ante la Juez de Control la tarde del martes 12 de noviembre, luego de que fuera detenido en el centro de la ciudad, de acuerdo con la Fiscal\u00eda General del Estado (FGE), por elementos de la Polic\u00eda Ministerial que contaron con el respaldo de la Guardia Nacional y del Ej\u00e9rcito.<\/p>\n\n\n\n<p>Cuando fue presentado en Ciudad Judicial, el militar en retiro, que hasta el mediod\u00eda del mismo martes se desempe\u00f1aba como encargado de la Secretar\u00eda de Seguridad P\u00fablica Municipal, dijo a la juez que la imputaci\u00f3n que se le hace resulta inveros\u00edmil, pues \u00e9l no ten\u00eda razones para atentar contra la vida del presidente Arcos Catal\u00e1n, que fue quien le hab\u00eda otorgado el encargo del despacho al frente de la Polic\u00eda Preventiva.<\/p>\n\n\n\n<p>Aunque cuenta con una abogada particular, le fue asignada una defensora de oficia que cuenta con la capacitaci\u00f3n que se requiere para llevar a cabo un juicio oral.<\/p>\n\n\n\n<p>Dicha asignaci\u00f3n deriva de la necesidad de mantener a salvo el procedimiento, para efecto de no generar alg\u00fan resquicio que permita que el caso se coloque en riesgo por cuestiones t\u00e9cnicas.<\/p>\n\n\n\n<p>A la audiencia no se permite el acceso con ning\u00fan elemento que permita grabar audio ni video.<\/p>\n\n\n\n<p>Reyes Reyes dijo en sus primeras declaraciones, que al momento de su captura desconoc\u00eda completamente de qu\u00e9 se le acusaba.<\/p>\n\n\n\n<p>Indic\u00f3 que \u00e9l no ten\u00eda ning\u00fan motivo para tomar parte de ning\u00fan hecho que pusiera en riesgo la vida del presidente municipal de Chilpancingo, al que destac\u00f3 que no ten\u00eda el gusto de conocer hasta el momento en que lo cit\u00f3 para entrevistarlo como posible encargado de Seguridad P\u00fablica en el municipio.<\/p>\n\n\n\n<p>De c\u00f3mo lleg\u00f3 a la administraci\u00f3n municipal, se\u00f1al\u00f3 que conocidos le sugirieron que presentara su curr\u00edculum, este lleg\u00f3 a manos del alcalde Arcos, quien lo convoc\u00f3 para entrevistarlo y posteriormente lo design\u00f3.<\/p>\n\n\n\n<p>Respecto a los hechos del 6 de octubre, dijo que la tarde en que se registr\u00f3 el hallazgo del cad\u00e1ver del presidente municipal, \u00e9l se encontraba comiendo en un restaurante ubicado en la parte sur de la ciudad.<\/p>\n\n\n\n<p>Cuando le informaron del hallazgo de un cuerpo decapitado se traslad\u00f3 al punto, pero al llegar ya no tuvo la oportunidad de ingresar a la zona que hab\u00edan preservado peritos de la Fiscal\u00eda General del Estado (FGE).<\/p>\n\n\n\n<p>Insisti\u00f3 en que no ten\u00eda razones para atentar contra el presidente municipal, que no hay elementos para sustentar la imputaci\u00f3n y que en consecuencia, es un chivo expiatorio que pretenden utilizar para aportar resultados, debido a la presi\u00f3n medi\u00e1tica que hay en torno al caso.<\/p>\n\n\n\n<p>El capit\u00e1n en retiro es licenciado en Derecho, tiene una especialidad en Juicio Oral y Proceso Penal Acusatorio y ha sido litigante en materia penal.<\/p>\n\n\n\n<p>En la estructura castrense ha sido Capit\u00e1n de Justicia Militar, mientras que en la administraci\u00f3n p\u00fablica se ha desempe\u00f1ado como fiscal regional de delitos graves y director general de investigaci\u00f3n criminal, en la Fiscal\u00eda General de Guerrero.<\/p>\n\n\n\n<div class=\"wp-block-jetpack-slideshow aligncenter\" data-effect=\"slide\"><div class=\"wp-block-jetpack-slideshow_container swiper-container\"><ul class=\"wp-block-jetpack-slideshow_swiper-wrapper swiper-wrapper\"><li class=\"wp-block-jetpack-slideshow_slide swiper-slide\"><figure><img decoding=\"async\" src=\"data:image\/gif;base64,R0lGODlhAQABAIAAAAAAAP\/\/\/ywAAAAAAQABAAACAUwAOw==\" fifu-lazy=\"1\" fifu-data-sizes=\"auto\" fifu-data-srcset=\"https:\/\/i1.wp.com\/www.interaccionnoticias.com.mx\/wp-content\/uploads\/2024\/11\/241112-German-Reyes-Reyes-2-1024x683.jpg?ssl=1&w=75&resize=75&ssl=1 75w, https:\/\/i1.wp.com\/www.interaccionnoticias.com.mx\/wp-content\/uploads\/2024\/11\/241112-German-Reyes-Reyes-2-1024x683.jpg?ssl=1&w=100&resize=100&ssl=1 100w, https:\/\/i1.wp.com\/www.interaccionnoticias.com.mx\/wp-content\/uploads\/2024\/11\/241112-German-Reyes-Reyes-2-1024x683.jpg?ssl=1&w=150&resize=150&ssl=1 150w, https:\/\/i1.wp.com\/www.interaccionnoticias.com.mx\/wp-content\/uploads\/2024\/11\/241112-German-Reyes-Reyes-2-1024x683.jpg?ssl=1&w=240&resize=240&ssl=1 240w, https:\/\/i1.wp.com\/www.interaccionnoticias.com.mx\/wp-content\/uploads\/2024\/11\/241112-German-Reyes-Reyes-2-1024x683.jpg?ssl=1&w=320&resize=320&ssl=1 320w, https:\/\/i1.wp.com\/www.interaccionnoticias.com.mx\/wp-content\/uploads\/2024\/11\/241112-German-Reyes-Reyes-2-1024x683.jpg?ssl=1&w=500&resize=500&ssl=1 500w, https:\/\/i1.wp.com\/www.interaccionnoticias.com.mx\/wp-content\/uploads\/2024\/11\/241112-German-Reyes-Reyes-2-1024x683.jpg?ssl=1&w=640&resize=640&ssl=1 640w, https:\/\/i1.wp.com\/www.interaccionnoticias.com.mx\/wp-content\/uploads\/2024\/11\/241112-German-Reyes-Reyes-2-1024x683.jpg?ssl=1&w=800&resize=800&ssl=1 800w, https:\/\/i1.wp.com\/www.interaccionnoticias.com.mx\/wp-content\/uploads\/2024\/11\/241112-German-Reyes-Reyes-2-1024x683.jpg?ssl=1&w=1024&resize=1024&ssl=1 1024w, https:\/\/i1.wp.com\/www.interaccionnoticias.com.mx\/wp-content\/uploads\/2024\/11\/241112-German-Reyes-Reyes-2-1024x683.jpg?ssl=1&w=1280&resize=1280&ssl=1 1280w, https:\/\/i1.wp.com\/www.interaccionnoticias.com.mx\/wp-content\/uploads\/2024\/11\/241112-German-Reyes-Reyes-2-1024x683.jpg?ssl=1&w=1600&resize=1600&ssl=1 1600w\" alt=\"\" class=\"wp-block-jetpack-slideshow_image wp-image-84288\" data-id=\"84288\" fifu-data-src=\"https:\/\/i1.wp.com\/www.interaccionnoticias.com.mx\/wp-content\/uploads\/2024\/11\/241112-German-Reyes-Reyes-2-1024x683.jpg?ssl=1\"\/><\/figure><\/li><li class=\"wp-block-jetpack-slideshow_slide swiper-slide\"><figure><img decoding=\"async\" src=\"data:image\/gif;base64,R0lGODlhAQABAIAAAAAAAP\/\/\/ywAAAAAAQABAAACAUwAOw==\" fifu-lazy=\"1\" fifu-data-sizes=\"auto\" fifu-data-srcset=\"https:\/\/i2.wp.com\/www.interaccionnoticias.com.mx\/wp-content\/uploads\/2024\/11\/241112-German-Reyes-Reyes-1-1024x683.jpg?ssl=1&w=75&resize=75&ssl=1 75w, https:\/\/i2.wp.com\/www.interaccionnoticias.com.mx\/wp-content\/uploads\/2024\/11\/241112-German-Reyes-Reyes-1-1024x683.jpg?ssl=1&w=100&resize=100&ssl=1 100w, https:\/\/i2.wp.com\/www.interaccionnoticias.com.mx\/wp-content\/uploads\/2024\/11\/241112-German-Reyes-Reyes-1-1024x683.jpg?ssl=1&w=150&resize=150&ssl=1 150w, https:\/\/i2.wp.com\/www.interaccionnoticias.com.mx\/wp-content\/uploads\/2024\/11\/241112-German-Reyes-Reyes-1-1024x683.jpg?ssl=1&w=240&resize=240&ssl=1 240w, https:\/\/i2.wp.com\/www.interaccionnoticias.com.mx\/wp-content\/uploads\/2024\/11\/241112-German-Reyes-Reyes-1-1024x683.jpg?ssl=1&w=320&resize=320&ssl=1 320w, https:\/\/i2.wp.com\/www.interaccionnoticias.com.mx\/wp-content\/uploads\/2024\/11\/241112-German-Reyes-Reyes-1-1024x683.jpg?ssl=1&w=500&resize=500&ssl=1 500w, https:\/\/i2.wp.com\/www.interaccionnoticias.com.mx\/wp-content\/uploads\/2024\/11\/241112-German-Reyes-Reyes-1-1024x683.jpg?ssl=1&w=640&resize=640&ssl=1 640w, https:\/\/i2.wp.com\/www.interaccionnoticias.com.mx\/wp-content\/uploads\/2024\/11\/241112-German-Reyes-Reyes-1-1024x683.jpg?ssl=1&w=800&resize=800&ssl=1 800w, https:\/\/i2.wp.com\/www.interaccionnoticias.com.mx\/wp-content\/uploads\/2024\/11\/241112-German-Reyes-Reyes-1-1024x683.jpg?ssl=1&w=1024&resize=1024&ssl=1 1024w, https:\/\/i2.wp.com\/www.interaccionnoticias.com.mx\/wp-content\/uploads\/2024\/11\/241112-German-Reyes-Reyes-1-1024x683.jpg?ssl=1&w=1280&resize=1280&ssl=1 1280w, https:\/\/i2.wp.com\/www.interaccionnoticias.com.mx\/wp-content\/uploads\/2024\/11\/241112-German-Reyes-Reyes-1-1024x683.jpg?ssl=1&w=1600&resize=1600&ssl=1 1600w\" alt=\"\" class=\"wp-block-jetpack-slideshow_image wp-image-84289\" data-id=\"84289\" fifu-data-src=\"https:\/\/i2.wp.com\/www.interaccionnoticias.com.mx\/wp-content\/uploads\/2024\/11\/241112-German-Reyes-Reyes-1-1024x683.jpg?ssl=1\"\/><\/figure><\/li><\/ul><a class=\"wp-block-jetpack-slideshow_button-prev swiper-button-prev swiper-button-white\" role=\"button\"><\/a><a class=\"wp-block-jetpack-slideshow_button-next swiper-button-next swiper-button-white\" role=\"button\"><\/a><a aria-label=\"Pause Slideshow\" class=\"wp-block-jetpack-slideshow_button-pause\" role=\"button\"><\/a><div class=\"wp-block-jetpack-slideshow_pagination swiper-pagination swiper-pagination-white\"><\/div><\/div><\/div>\n","protected":false},"excerpt":{"rendered":"<p>&#8212; Al ser presentado ante una Juez de Control, Germ\u00e1n Reyes Reyes sostuvo que no hay pruebas en su contra, adem\u00e1s de que no ten\u00eda motivos para atentar contra el&hellip; <\/p>\n","protected":false},"author":21,"featured_media":84289,"comment_status":"open","ping_status":"open","sticky":false,"template":"","format":"standard","meta":{"fifu_image_url":"","fifu_image_alt":"","footnotes":""},"categories":[27],"tags":[],"class_list":["post-84287","post","type-post","status-publish","format-standard","has-post-thumbnail","hentry","category-seguridad-publica"],"_links":{"self":[{"href":"https:\/\/www.interaccionnoticias.com.mx\/index.php?rest_route=\/wp\/v2\/posts\/84287","targetHints":{"allow":["GET"]}}],"collection":[{"href":"https:\/\/www.interaccionnoticias.com.mx\/index.php?rest_route=\/wp\/v2\/posts"}],"about":[{"href":"https:\/\/www.interaccionnoticias.com.mx\/index.php?rest_route=\/wp\/v2\/types\/post"}],"author":[{"embeddable":true,"href":"https:\/\/www.interaccionnoticias.com.mx\/index.php?rest_route=\/wp\/v2\/users\/21"}],"replies":[{"embeddable":true,"href":"https:\/\/www.interaccionnoticias.com.mx\/index.php?rest_route=%2Fwp%2Fv2%2Fcomments&post=84287"}],"version-history":[{"count":1,"href":"https:\/\/www.interaccionnoticias.com.mx\/index.php?rest_route=\/wp\/v2\/posts\/84287\/revisions"}],"predecessor-version":[{"id":84290,"href":"https:\/\/www.interaccionnoticias.com.mx\/index.php?rest_route=\/wp\/v2\/posts\/84287\/revisions\/84290"}],"wp:featuredmedia":[{"embeddable":true,"href":"https:\/\/www.interaccionnoticias.com.mx\/index.php?rest_route=\/wp\/v2\/media\/84289"}],"wp:attachment":[{"href":"https:\/\/www.interaccionnoticias.com.mx\/index.php?rest_route=%2Fwp%2Fv2%2Fmedia&parent=84287"}],"wp:term":[{"taxonomy":"category","embeddable":true,"href":"https:\/\/www.interaccionnoticias.com.mx\/index.php?rest_route=%2Fwp%2Fv2%2Fcategories&post=84287"},{"taxonomy":"post_tag","embeddable":true,"href":"https:\/\/www.interaccionnoticias.com.mx\/index.php?rest_route=%2Fwp%2Fv2%2Ftags&post=84287"}],"curies":[{"name":"wp","href":"https:\/\/api.w.org\/{rel}","templated":true}]}}