{"id":84280,"date":"2024-11-12T19:56:53","date_gmt":"2024-11-13T01:56:53","guid":{"rendered":"https:\/\/www.interaccionnoticias.com.mx\/?p=84280"},"modified":"2024-11-12T19:56:55","modified_gmt":"2024-11-13T01:56:55","slug":"asesinan-a-encargado-del-mercado-municipal-de-chilpancingo","status":"publish","type":"post","link":"https:\/\/www.interaccionnoticias.com.mx\/?p=84280","title":{"rendered":"Asesinan a encargado del mercado municipal de Chilpancingo"},"content":{"rendered":"\n<p><strong><em>&#8212; El homicidio ocurri\u00f3 en uno de los accesos de la central de abastos<\/em><\/strong><\/p>\n\n\n\n<p><strong>Jes\u00fas Dorantes<\/strong><\/p>\n\n\n\n<p><strong>Chilpancingo, Gro.- <\/strong>El encargado de la administraci\u00f3n del mercado municipal Baltazar R. Leyva Mancilla Mois\u00e9s \u201cN\u201d, fue asesinado a balazos la tarde de este martes.<\/p>\n\n\n\n<p>El crimen ocurri\u00f3 en uno de los accesos de la central de abastos en la zona norte de la capital del estado, aunque al principio se le report\u00f3 herido, el tambi\u00e9n comerciante muri\u00f3 a consecuencia de las heridas de bala.<\/p>\n\n\n\n<p>Alrededor de las 16:30 horas se reportaron el servicio de emergencias disparos de arma de fuego en la calle Violetas de la colonia Elias Nayme Neimer, d\u00f3nde un hombre se encontraba herido.<\/p>\n\n\n\n<p>Al lugar acudieron elementos de la polic\u00eda preventiva y personal de la Fiscal\u00eda General del Estado (FGE) para acordonar la zona en espera de la llegada de param\u00e9dicos para atender a la v\u00edctima, que vest\u00eda un pantal\u00f3n de color azul, playera de color rojo y un chaleco con los logos de Gobernaci\u00f3n del Ayuntamiento de Chilpancingo.<\/p>\n\n\n\n<p>Luego de la llegada de param\u00e9dicos de la Cruz Roja, se confirm\u00f3 que la v\u00edctima ya no presentaba signos vitales, por lo que Se realizaron las diligencias de ley y posteriormente el cad\u00e1ver fue trasladado al Servicio M\u00e9dico Forense.<\/p>\n\n\n\n<p>M\u00e1s tarde se confirm\u00f3 que la v\u00edctima trabajaba como encargado de la administraci\u00f3n del mercado municipal Baltazar R. Leyva Mancilla.<\/p>\n","protected":false},"excerpt":{"rendered":"<p>&#8212; El homicidio ocurri\u00f3 en uno de los accesos de la central de abastos Jes\u00fas Dorantes Chilpancingo, Gro.- El encargado de la administraci\u00f3n del mercado municipal Baltazar R. Leyva Mancilla&hellip; <\/p>\n","protected":false},"author":8,"featured_media":84281,"comment_status":"open","ping_status":"open","sticky":false,"template":"","format":"standard","meta":{"fifu_image_url":"","fifu_image_alt":"","footnotes":""},"categories":[27],"tags":[],"class_list":["post-84280","post","type-post","status-publish","format-standard","has-post-thumbnail","hentry","category-seguridad-publica"],"_links":{"self":[{"href":"https:\/\/www.interaccionnoticias.com.mx\/index.php?rest_route=\/wp\/v2\/posts\/84280","targetHints":{"allow":["GET"]}}],"collection":[{"href":"https:\/\/www.interaccionnoticias.com.mx\/index.php?rest_route=\/wp\/v2\/posts"}],"about":[{"href":"https:\/\/www.interaccionnoticias.com.mx\/index.php?rest_route=\/wp\/v2\/types\/post"}],"author":[{"embeddable":true,"href":"https:\/\/www.interaccionnoticias.com.mx\/index.php?rest_route=\/wp\/v2\/users\/8"}],"replies":[{"embeddable":true,"href":"https:\/\/www.interaccionnoticias.com.mx\/index.php?rest_route=%2Fwp%2Fv2%2Fcomments&post=84280"}],"version-history":[{"count":1,"href":"https:\/\/www.interaccionnoticias.com.mx\/index.php?rest_route=\/wp\/v2\/posts\/84280\/revisions"}],"predecessor-version":[{"id":84282,"href":"https:\/\/www.interaccionnoticias.com.mx\/index.php?rest_route=\/wp\/v2\/posts\/84280\/revisions\/84282"}],"wp:featuredmedia":[{"embeddable":true,"href":"https:\/\/www.interaccionnoticias.com.mx\/index.php?rest_route=\/wp\/v2\/media\/84281"}],"wp:attachment":[{"href":"https:\/\/www.interaccionnoticias.com.mx\/index.php?rest_route=%2Fwp%2Fv2%2Fmedia&parent=84280"}],"wp:term":[{"taxonomy":"category","embeddable":true,"href":"https:\/\/www.interaccionnoticias.com.mx\/index.php?rest_route=%2Fwp%2Fv2%2Fcategories&post=84280"},{"taxonomy":"post_tag","embeddable":true,"href":"https:\/\/www.interaccionnoticias.com.mx\/index.php?rest_route=%2Fwp%2Fv2%2Ftags&post=84280"}],"curies":[{"name":"wp","href":"https:\/\/api.w.org\/{rel}","templated":true}]}}