{"id":84263,"date":"2024-11-12T17:42:00","date_gmt":"2024-11-12T23:42:00","guid":{"rendered":"https:\/\/www.interaccionnoticias.com.mx\/?p=84263"},"modified":"2024-11-12T18:36:07","modified_gmt":"2024-11-13T00:36:07","slug":"piden-en-el-congreso-de-guerrero-al-gobierno-federal-censar-a-150-damnificados-de-atoyac","status":"publish","type":"post","link":"https:\/\/www.interaccionnoticias.com.mx\/?p=84263","title":{"rendered":"Piden en el Congreso de Guerrero al gobierno federal censar a 150 damnificados de Atoyac"},"content":{"rendered":"\n<p><strong><em>&#8212; La legisladora local reproch\u00f3 que la presidenta de la Rep\u00fablica, Claudia Sheimbaun Pardo puso fin de la emergencia el 14 de octubre del 2024, adem\u00e1s de que ha anunciado que no continuar\u00e1 con el censo a pesar de que las inconformidades y protestas contin\u00faan<\/em><\/strong><\/p>\n\n\n\n<p><strong>Yasm\u00edn Garc\u00eda<\/strong><\/p>\n\n\n\n<p>La diputada local por el PRD Mar\u00eda de Jes\u00fas Galeana Radilla intervino en tribuna para demandar atenci\u00f3n inmediata de los tres niveles de gobierno a 150 damnificados por el hurac\u00e1n John en Atoyac de \u00c1lvarez que el gobierno federal no censo.<\/p>\n\n\n\n<p>En tribuna la legisladora local, dijo que los 150 daminificados de Atoyac requieren atenci\u00f3n inmediata ya que sufrieron da\u00f1os en sus viviendas, y perdieron sus cosechas de ma\u00edz, frijol y caf\u00e9.<\/p>\n\n\n\n<p>\u00abLamentablemente las autoriades federales y estatales mantienen una injustificada reserva sobre la informaci\u00f3n incumpliendo lo que establece la declaratoria de emergencia por el hurac\u00e1n John publicado en el diario de la federaci\u00f3n donde ah\u00ed se se\u00f1ala que Proteccion Civil informar\u00eda cuales son los municipios afectados lo que incluir\u00eda boletines de prena que debieron de ser publicados\u00bb, dijo en tribuna.<\/p>\n\n\n\n<p>Tambi\u00e9n lament\u00f3 la falta de informaci\u00f3n de los padrones de la Secretar\u00eda de Agricultura, Ganader\u00eda, Pesca, y Desarrallo Rural (SAGADEGRO), lo que deja en estado de indefenci\u00f3n a ganaderos y productores agr\u00edcolas.<\/p>\n\n\n\n<p>La legisladora local reproch\u00f3 que la presidenta de la Rep\u00fablica, Claudia Sheimbaun Pardo puso fin de la emergencia el 14 de octubre del 2024, adem\u00e1s de que ha anunciado que no continuar\u00e1 con el censo a pesar de que las inconformidades y protestas contin\u00faan, lo que calific\u00f3 como una falta de respeto y una violaci\u00f3n a los derechos humanos.<\/p>\n\n\n\n<p>Llam\u00f3 al gobierno federal implementar un censo transparente para los 150 damnificados en Atoyac, ponen en duda los trabajos de los servidores de la naci\u00f3n y que implemente un censo completo y transparente.<\/p>\n\n\n\n<p>Adem\u00e1s de crear una comisi\u00f3n especial para atender este tema.<\/p>\n\n\n\n<p>La diputada local por MC, Erika L\u00fchrs Cort\u00e9s pidi\u00f3 a la Mesa Directiva intervenir con el mismo tema en tribuna, en donde record\u00f3 que hace una semana present\u00f3 un exhorto a la c\u00e1mara de diputados federales en donde se les llam\u00f3 a atender no s\u00f3lo a damnificados por John sino tambi\u00e9n lo que est\u00e1 pendiente de Otis.<\/p>\n\n\n\n<p>Hizo tambi\u00e9n un llamado urgente a la delegaci\u00f3n de Bienestar en Guerrero para que los servidores de la naci\u00f3n atiendan los plantones que se est\u00e1n presentando en diferentes puntos de la entidad.<\/p>\n","protected":false},"excerpt":{"rendered":"<p>&#8212; La legisladora local reproch\u00f3 que la presidenta de la Rep\u00fablica, Claudia Sheimbaun Pardo puso fin de la emergencia el 14 de octubre del 2024, adem\u00e1s de que ha anunciado&hellip; <\/p>\n","protected":false},"author":32,"featured_media":84264,"comment_status":"open","ping_status":"open","sticky":false,"template":"","format":"standard","meta":{"fifu_image_url":"","fifu_image_alt":"","footnotes":""},"categories":[2],"tags":[],"class_list":["post-84263","post","type-post","status-publish","format-standard","has-post-thumbnail","hentry","category-congreso"],"_links":{"self":[{"href":"https:\/\/www.interaccionnoticias.com.mx\/index.php?rest_route=\/wp\/v2\/posts\/84263","targetHints":{"allow":["GET"]}}],"collection":[{"href":"https:\/\/www.interaccionnoticias.com.mx\/index.php?rest_route=\/wp\/v2\/posts"}],"about":[{"href":"https:\/\/www.interaccionnoticias.com.mx\/index.php?rest_route=\/wp\/v2\/types\/post"}],"author":[{"embeddable":true,"href":"https:\/\/www.interaccionnoticias.com.mx\/index.php?rest_route=\/wp\/v2\/users\/32"}],"replies":[{"embeddable":true,"href":"https:\/\/www.interaccionnoticias.com.mx\/index.php?rest_route=%2Fwp%2Fv2%2Fcomments&post=84263"}],"version-history":[{"count":1,"href":"https:\/\/www.interaccionnoticias.com.mx\/index.php?rest_route=\/wp\/v2\/posts\/84263\/revisions"}],"predecessor-version":[{"id":84265,"href":"https:\/\/www.interaccionnoticias.com.mx\/index.php?rest_route=\/wp\/v2\/posts\/84263\/revisions\/84265"}],"wp:featuredmedia":[{"embeddable":true,"href":"https:\/\/www.interaccionnoticias.com.mx\/index.php?rest_route=\/wp\/v2\/media\/84264"}],"wp:attachment":[{"href":"https:\/\/www.interaccionnoticias.com.mx\/index.php?rest_route=%2Fwp%2Fv2%2Fmedia&parent=84263"}],"wp:term":[{"taxonomy":"category","embeddable":true,"href":"https:\/\/www.interaccionnoticias.com.mx\/index.php?rest_route=%2Fwp%2Fv2%2Fcategories&post=84263"},{"taxonomy":"post_tag","embeddable":true,"href":"https:\/\/www.interaccionnoticias.com.mx\/index.php?rest_route=%2Fwp%2Fv2%2Ftags&post=84263"}],"curies":[{"name":"wp","href":"https:\/\/api.w.org\/{rel}","templated":true}]}}