{"id":84259,"date":"2024-11-12T18:27:58","date_gmt":"2024-11-13T00:27:58","guid":{"rendered":"https:\/\/www.interaccionnoticias.com.mx\/?p=84259"},"modified":"2024-11-12T18:28:00","modified_gmt":"2024-11-13T00:28:00","slug":"ayuntamiento-de-chilpancingo-no-se-interpondra-en-la-investigacion-contra-el-jefe-de-la-policia-preventiva","status":"publish","type":"post","link":"https:\/\/www.interaccionnoticias.com.mx\/?p=84259","title":{"rendered":"Ayuntamiento de Chilpancingo no se interpondr\u00e1 en la investigaci\u00f3n contra el jefe de la polic\u00eda preventiva"},"content":{"rendered":"\n<p><strong><em>&#8212; El cabildo expresa su respeto a las actuaciones legales impulsadas por la FGE<br>&#8212; Ofrece que no habr\u00e1 interferencias que comprometan la aplicaci\u00f3n de la ley<\/em><\/strong><\/p>\n\n\n\n<p><strong>Rogelio Agust\u00edn<\/strong><\/p>\n\n\n\n<p>El Ayuntamiento de Chilpancingo manifest\u00f3 su respeto a las investigaciones de la Fiscal\u00eda General del Estado (FGE) y anticip\u00f3 que no habr\u00e1 ninguna interferencia en torno a la detenci\u00f3n de Germ\u00e1n Reyes, quien era encargado de Seguridad P\u00fablica Municipal y fue aprehendido por su presunta relaci\u00f3n con el asesinato del alcalde Alejandro Arcos Catal\u00e1n.<\/p>\n\n\n\n<p>La tarde del martes 12 de noviembre, el cabildo capitalino emiti\u00f3 un comunicado que deriva de las actuaciones legales impulsadas por la FGE.<\/p>\n\n\n\n<p>\u201cEn relaci\u00f3n con la detenci\u00f3n de Germ\u00e1n N, quien desde el primer d\u00eda de la actual administraci\u00f3n, se ha desempe\u00f1ado como encargado de la Secretar\u00eda de Seguridad P\u00fablica del municipio, queremos expresar nuestro firme respeto a las investigaciones que actualmente se llevan a cabo por las autoridades competentes\u201d.<\/p>\n\n\n\n<p>Contin\u00faa: \u201cDesde el inicio de la actual administraci\u00f3n, asumimos un compromiso claro y decidido para devolver la tranquilidad y la seguridad a todas las familias de Chilpancingo. En este proceso, el trabajo del equipo de seguridad ha sido fundamental, y reconocemos el esfuerzo y dedicaci\u00f3n de quienes d\u00eda a d\u00eda se enfrentan a los desaf\u00edos m\u00e1s complejos para proteger a la sociedad\u201d.<\/p>\n\n\n\n<p>Apunta: \u201cEn este sentido, reafirmamos nuestro respeto absoluto al Estado de Derecho y al debido proceso, garantizando que cualquier investigaci\u00f3n se realice con objetividad, transparencia y justicia, sin interferencias que comprometan la legalidad. Nuestro deber es mantener la confianza de los ciudadanos y actuar con responsabilidad en todo momento, velando siempre por la verdad y el bienestar com\u00fan\u201d.<\/p>\n\n\n\n<p>Se destaca que para el cabildo capitalino, el compromiso es con la ciudadan\u00eda, por eso es que deben seguir enfocados en garantizar la paz y la seguridad del municipio.<\/p>\n\n\n\n<p>El comunicado cierra: \u201cHacemos un llamado a la unidad y a la colaboraci\u00f3n de todos los sectores de la sociedad. La seguridad es una tarea que nos concierne a todos, solo con el esfuerzo conjunto lograremos superar los desaf\u00edos que enfrenta nuestro municipio\u201d.<\/p>\n\n\n\n<p>En el comunicado no se informa quien quedar\u00e1 al frente de la preventiva municipal, una vez que la FGE ha detenido al principal mando en la capital de Guerrero.<\/p>\n\n\n\n<div class=\"wp-block-jetpack-slideshow aligncenter\" data-effect=\"slide\"><div class=\"wp-block-jetpack-slideshow_container swiper-container\"><ul class=\"wp-block-jetpack-slideshow_swiper-wrapper swiper-wrapper\"><li class=\"wp-block-jetpack-slideshow_slide swiper-slide\"><figure><img decoding=\"async\" src=\"data:image\/gif;base64,R0lGODlhAQABAIAAAAAAAP\/\/\/ywAAAAAAQABAAACAUwAOw==\" fifu-lazy=\"1\" fifu-data-sizes=\"auto\" fifu-data-srcset=\"https:\/\/i3.wp.com\/www.interaccionnoticias.com.mx\/wp-content\/uploads\/2024\/11\/241112-CC-Comunicado-Chilpancingo-791x1024.jpg?ssl=1&w=75&resize=75&ssl=1 75w, https:\/\/i3.wp.com\/www.interaccionnoticias.com.mx\/wp-content\/uploads\/2024\/11\/241112-CC-Comunicado-Chilpancingo-791x1024.jpg?ssl=1&w=100&resize=100&ssl=1 100w, https:\/\/i3.wp.com\/www.interaccionnoticias.com.mx\/wp-content\/uploads\/2024\/11\/241112-CC-Comunicado-Chilpancingo-791x1024.jpg?ssl=1&w=150&resize=150&ssl=1 150w, https:\/\/i3.wp.com\/www.interaccionnoticias.com.mx\/wp-content\/uploads\/2024\/11\/241112-CC-Comunicado-Chilpancingo-791x1024.jpg?ssl=1&w=240&resize=240&ssl=1 240w, https:\/\/i3.wp.com\/www.interaccionnoticias.com.mx\/wp-content\/uploads\/2024\/11\/241112-CC-Comunicado-Chilpancingo-791x1024.jpg?ssl=1&w=320&resize=320&ssl=1 320w, https:\/\/i3.wp.com\/www.interaccionnoticias.com.mx\/wp-content\/uploads\/2024\/11\/241112-CC-Comunicado-Chilpancingo-791x1024.jpg?ssl=1&w=500&resize=500&ssl=1 500w, https:\/\/i3.wp.com\/www.interaccionnoticias.com.mx\/wp-content\/uploads\/2024\/11\/241112-CC-Comunicado-Chilpancingo-791x1024.jpg?ssl=1&w=640&resize=640&ssl=1 640w, https:\/\/i3.wp.com\/www.interaccionnoticias.com.mx\/wp-content\/uploads\/2024\/11\/241112-CC-Comunicado-Chilpancingo-791x1024.jpg?ssl=1&w=800&resize=800&ssl=1 800w, https:\/\/i3.wp.com\/www.interaccionnoticias.com.mx\/wp-content\/uploads\/2024\/11\/241112-CC-Comunicado-Chilpancingo-791x1024.jpg?ssl=1&w=1024&resize=1024&ssl=1 1024w, https:\/\/i3.wp.com\/www.interaccionnoticias.com.mx\/wp-content\/uploads\/2024\/11\/241112-CC-Comunicado-Chilpancingo-791x1024.jpg?ssl=1&w=1280&resize=1280&ssl=1 1280w, https:\/\/i3.wp.com\/www.interaccionnoticias.com.mx\/wp-content\/uploads\/2024\/11\/241112-CC-Comunicado-Chilpancingo-791x1024.jpg?ssl=1&w=1600&resize=1600&ssl=1 1600w\" alt=\"\" class=\"wp-block-jetpack-slideshow_image wp-image-84261\" data-id=\"84261\" fifu-data-src=\"https:\/\/i3.wp.com\/www.interaccionnoticias.com.mx\/wp-content\/uploads\/2024\/11\/241112-CC-Comunicado-Chilpancingo-791x1024.jpg?ssl=1\"\/><\/figure><\/li><\/ul><a class=\"wp-block-jetpack-slideshow_button-prev swiper-button-prev swiper-button-white\" role=\"button\"><\/a><a class=\"wp-block-jetpack-slideshow_button-next swiper-button-next swiper-button-white\" role=\"button\"><\/a><a aria-label=\"Pause Slideshow\" class=\"wp-block-jetpack-slideshow_button-pause\" role=\"button\"><\/a><div class=\"wp-block-jetpack-slideshow_pagination swiper-pagination swiper-pagination-white\"><\/div><\/div><\/div>\n","protected":false},"excerpt":{"rendered":"<p>&#8212; El cabildo expresa su respeto a las actuaciones legales impulsadas por la FGE&#8212; Ofrece que no habr\u00e1 interferencias que comprometan la aplicaci\u00f3n de la ley Rogelio Agust\u00edn El Ayuntamiento&hellip; <\/p>\n","protected":false},"author":21,"featured_media":84260,"comment_status":"open","ping_status":"open","sticky":false,"template":"","format":"standard","meta":{"fifu_image_url":"","fifu_image_alt":"","footnotes":""},"categories":[13],"tags":[],"class_list":["post-84259","post","type-post","status-publish","format-standard","has-post-thumbnail","hentry","category-capital"],"_links":{"self":[{"href":"https:\/\/www.interaccionnoticias.com.mx\/index.php?rest_route=\/wp\/v2\/posts\/84259","targetHints":{"allow":["GET"]}}],"collection":[{"href":"https:\/\/www.interaccionnoticias.com.mx\/index.php?rest_route=\/wp\/v2\/posts"}],"about":[{"href":"https:\/\/www.interaccionnoticias.com.mx\/index.php?rest_route=\/wp\/v2\/types\/post"}],"author":[{"embeddable":true,"href":"https:\/\/www.interaccionnoticias.com.mx\/index.php?rest_route=\/wp\/v2\/users\/21"}],"replies":[{"embeddable":true,"href":"https:\/\/www.interaccionnoticias.com.mx\/index.php?rest_route=%2Fwp%2Fv2%2Fcomments&post=84259"}],"version-history":[{"count":1,"href":"https:\/\/www.interaccionnoticias.com.mx\/index.php?rest_route=\/wp\/v2\/posts\/84259\/revisions"}],"predecessor-version":[{"id":84262,"href":"https:\/\/www.interaccionnoticias.com.mx\/index.php?rest_route=\/wp\/v2\/posts\/84259\/revisions\/84262"}],"wp:featuredmedia":[{"embeddable":true,"href":"https:\/\/www.interaccionnoticias.com.mx\/index.php?rest_route=\/wp\/v2\/media\/84260"}],"wp:attachment":[{"href":"https:\/\/www.interaccionnoticias.com.mx\/index.php?rest_route=%2Fwp%2Fv2%2Fmedia&parent=84259"}],"wp:term":[{"taxonomy":"category","embeddable":true,"href":"https:\/\/www.interaccionnoticias.com.mx\/index.php?rest_route=%2Fwp%2Fv2%2Fcategories&post=84259"},{"taxonomy":"post_tag","embeddable":true,"href":"https:\/\/www.interaccionnoticias.com.mx\/index.php?rest_route=%2Fwp%2Fv2%2Ftags&post=84259"}],"curies":[{"name":"wp","href":"https:\/\/api.w.org\/{rel}","templated":true}]}}