{"id":84254,"date":"2024-11-12T16:44:22","date_gmt":"2024-11-12T22:44:22","guid":{"rendered":"https:\/\/www.interaccionnoticias.com.mx\/?p=84254"},"modified":"2024-11-12T16:53:38","modified_gmt":"2024-11-12T22:53:38","slug":"detienen-al-jefe-de-la-policia-de-chilpancingo-lo-relacionan-con-el-asesinato-del-alcalde-alejandro-arcos-catalan","status":"publish","type":"post","link":"https:\/\/www.interaccionnoticias.com.mx\/?p=84254","title":{"rendered":"Detienen al jefe de la polic\u00eda de Chilpancingo, lo relacionan con el asesinato del alcalde Alejandro Arcos Catal\u00e1n"},"content":{"rendered":"\n<p><strong><em>&#8212; La captura la realizaron elementos de la PIM, con el apoyo de personal del Ej\u00e9rcito Mexicano y la Guardia Nacional<br>&#8212; El pr\u00f3ximo viernes, familiares y amigos preparan una marcha, en el marco de los 40 d\u00edas de ocurrido el crimen<br>&#8212; El mando polic\u00edaco tambi\u00e9n fue fiscal regional de delitos graves, en la \u00e9poca de Sandra Luz Valdovinos Salmer\u00f3n<\/em><\/strong><\/p>\n\n\n\n<p><strong>Rogelio Agust\u00edn<\/strong><\/p>\n\n\n\n<p>Elementos del Ej\u00e9rcito Mexicano, de la Polic\u00eda Investigadora Ministerial (PIM) y Guardia Nacional (GN) detuvieron al encargado de la Secretar\u00eda de Seguridad P\u00fablica Municipal (SSPM), Germ\u00e1n Reyes por su presunta relaci\u00f3n con el asesinato perpetrado en contra del alcalde de Chilpancingo, Alejandro Arcos Catal\u00e1n.<\/p>\n\n\n\n<p>De manera escueta, la Fiscal\u00eda General del Estado (FGE) dio a conocer que de manera coordinada, personal del Ej\u00e9rcito Mexicano y elementos de la Polic\u00eda Investigadora Ministerial (PIM) ejercieron una orden de aprehensi\u00f3n en contra de un hombre identificado como Germ\u00e1n \u201cN\u201d,<\/p>\n\n\n\n<p>por el delito de homicidio calificado en agravio de Alejandro \u201cN\u201d, en referencia al jefe de cabildo electo en los comicios del pasado 2 de junio.<\/p>\n\n\n\n<p>En el comunicado se destaca que el crimen con el que se relaciona al jefe polic\u00eda, que tambi\u00e9n es militar en activo, se registr\u00f3 el domingo 6 de octubre del a\u00f1o en curso.<\/p>\n\n\n\n<p>Indica: \u201c Elementos de la Polic\u00eda Investigadora Ministerial, dieron cumplimiento a la orden de aprehensi\u00f3n, emitida por un Juzgado de Control en Chilpancingo, por delito de homicidio calificado\u201d.<\/p>\n\n\n\n<p>Contin\u00faa: \u201cEl presunto responsable se encuentra puesto a disposici\u00f3n del Juez que lo requer\u00eda para que determine su situaci\u00f3n jur\u00eddica\u201d.<\/p>\n\n\n\n<p>La detenci\u00f3n se registr\u00f3 el mediod\u00eda de este martes 12 de noviembre, pero se inform\u00f3 despu\u00e9s de las 16:15 horas.<\/p>\n\n\n\n<p>Hasta el momento de su detenci\u00f3n, Germ\u00e1n Reyes se desempe\u00f1aba como encargado de despacho de la Secretar\u00eda de Seguridad P\u00fablica Municipal, cargo que despu\u00e9s de la captura se qued\u00f3 ac\u00e9falo.<\/p>\n\n\n\n<p>El pasado 6 de noviembre se cumpli\u00f3 un mes del asesinato de Arcos Catal\u00e1n, quien fuera postulado por la coalici\u00f3n integrada por el PRD, PAN y PRI.<\/p>\n\n\n\n<p>El 6 de noviembre, el presidente Arcos fue localizado en la entrada oriente de la ciudad, decapitado y su cabeza colocada en el toldo de una camioneta.<\/p>\n\n\n\n<p>El secretario de Seguridad P\u00fablica del Gobierno de la Rep\u00fablica, Omar Garc\u00eda Harfuch declar\u00f3 en su momento, que el primer edil hab\u00eda acudido a una comunidad controlada por el grupo delictivo de Los Ardillos, lugar al que decidi\u00f3 ir sin equipo de seguridad \u201ca una reuni\u00f3n espec\u00edfica\u201d.<\/p>\n\n\n\n<p>Para este viernes 15, se prepara una marcha en las calles de Chilpancingo, en el contexto de los primeros 40 d\u00edas del asesinato perpetrado contra el primer edil capitalino.<\/p>\n\n\n\n<p>La convocatoria est\u00e1 lanzada por amigos y familiares del presidente municipal asesinado, la hora de concentraci\u00f3n es la 17:00 horas en el parque Margarita Maza de Ju\u00e1rez, en el sector norte de la capital del estado.<br>El hoy detenido, antes se desempe\u00f1\u00f3 como titular de la Fiscal\u00eda Regional de Delitos Graves de la Fiscal\u00eda General del Estado (FGE), cargo que le confiri\u00f3 la Teniente Coronel Sandra Luz Valdovinos\u00a0Salmer\u00f3n.<\/p>\n","protected":false},"excerpt":{"rendered":"<p>&#8212; La captura la realizaron elementos de la PIM, con el apoyo de personal del Ej\u00e9rcito Mexicano y la Guardia Nacional&#8212; El pr\u00f3ximo viernes, familiares y amigos preparan una marcha,&hellip; <\/p>\n","protected":false},"author":21,"featured_media":84255,"comment_status":"open","ping_status":"open","sticky":false,"template":"","format":"standard","meta":{"fifu_image_url":"","fifu_image_alt":"","footnotes":""},"categories":[27],"tags":[],"class_list":["post-84254","post","type-post","status-publish","format-standard","has-post-thumbnail","hentry","category-seguridad-publica"],"_links":{"self":[{"href":"https:\/\/www.interaccionnoticias.com.mx\/index.php?rest_route=\/wp\/v2\/posts\/84254","targetHints":{"allow":["GET"]}}],"collection":[{"href":"https:\/\/www.interaccionnoticias.com.mx\/index.php?rest_route=\/wp\/v2\/posts"}],"about":[{"href":"https:\/\/www.interaccionnoticias.com.mx\/index.php?rest_route=\/wp\/v2\/types\/post"}],"author":[{"embeddable":true,"href":"https:\/\/www.interaccionnoticias.com.mx\/index.php?rest_route=\/wp\/v2\/users\/21"}],"replies":[{"embeddable":true,"href":"https:\/\/www.interaccionnoticias.com.mx\/index.php?rest_route=%2Fwp%2Fv2%2Fcomments&post=84254"}],"version-history":[{"count":2,"href":"https:\/\/www.interaccionnoticias.com.mx\/index.php?rest_route=\/wp\/v2\/posts\/84254\/revisions"}],"predecessor-version":[{"id":84258,"href":"https:\/\/www.interaccionnoticias.com.mx\/index.php?rest_route=\/wp\/v2\/posts\/84254\/revisions\/84258"}],"wp:featuredmedia":[{"embeddable":true,"href":"https:\/\/www.interaccionnoticias.com.mx\/index.php?rest_route=\/wp\/v2\/media\/84255"}],"wp:attachment":[{"href":"https:\/\/www.interaccionnoticias.com.mx\/index.php?rest_route=%2Fwp%2Fv2%2Fmedia&parent=84254"}],"wp:term":[{"taxonomy":"category","embeddable":true,"href":"https:\/\/www.interaccionnoticias.com.mx\/index.php?rest_route=%2Fwp%2Fv2%2Fcategories&post=84254"},{"taxonomy":"post_tag","embeddable":true,"href":"https:\/\/www.interaccionnoticias.com.mx\/index.php?rest_route=%2Fwp%2Fv2%2Ftags&post=84254"}],"curies":[{"name":"wp","href":"https:\/\/api.w.org\/{rel}","templated":true}]}}