{"id":84251,"date":"2024-11-12T14:11:00","date_gmt":"2024-11-12T20:11:00","guid":{"rendered":"https:\/\/www.interaccionnoticias.com.mx\/?p=84251"},"modified":"2024-11-12T14:11:02","modified_gmt":"2024-11-12T20:11:02","slug":"bloquean-padres-de-familia-de-xalitla-la-carretera-federal-chilpancingo-iguala","status":"publish","type":"post","link":"https:\/\/www.interaccionnoticias.com.mx\/?p=84251","title":{"rendered":"Bloquean padres de familia de Xalitla, la carretera federal Chilpancingo-Iguala"},"content":{"rendered":"\n<p><strong><em>&#8212; Exigen la asignaci\u00f3n de maestros para escuela primaria biling\u00fce<\/em><\/strong><\/p>\n\n\n\n<p><strong>Rosario Garc\u00eda Orozco<\/strong><\/p>\n\n\n\n<p>Padres de familia de la escuela primaria Intercultural Biling\u00fce \u00abMiguel Hidalgo y Costilla\u00bb de la comunidad de Xalitla, perteneciente al municipio de Tepecoacuilco, en la zona Norte del estado, bloquearon la carretera federal Chilpancingo-Iguala,&nbsp; a la altura de esa poblaci\u00f3n en exigencia de maestros.<\/p>\n\n\n\n<p>Los manifestantes mencionaron que desde que inici\u00f3 el ciclo escolar no tienen varios maestros para atender a los estudiantes, sin embargo, les urgen por lo menos dos docentes biling\u00fces.<\/p>\n\n\n\n<p>Pidieron tambi\u00e9n una audiencia urgente, con car\u00e1cter resolutivo, con el titular de la Secretar\u00eda de Educaci\u00f3n Guerrero (SEG) Marcial Rodr\u00edguez Salda\u00f1a, para hacerle diversos planteamientos en torno a las necesidades del plantel.<\/p>\n\n\n\n<p>Adem\u00e1s de que el Instituto Guerrerense de Infraestructura F\u00edsica y Educativa (IGIFE) lleve a cabo las valoraciones, para trabajar en el mejoramiento de la infraestructura escolar.<\/p>\n\n\n\n<p>Por esa raz\u00f3n, sobre la carretera federal se form\u00f3 una larga fila de veh\u00edculos en ambos sentidos, en espera de lograr pasar.<\/p>\n\n\n\n<p>Los inconformes colocaron piedras sobre la vialidad, para impedir la circulaci\u00f3n vial.<\/p>\n","protected":false},"excerpt":{"rendered":"<p>&#8212; Exigen la asignaci\u00f3n de maestros para escuela primaria biling\u00fce Rosario Garc\u00eda Orozco Padres de familia de la escuela primaria Intercultural Biling\u00fce \u00abMiguel Hidalgo y Costilla\u00bb de la comunidad de&hellip; <\/p>\n","protected":false},"author":14,"featured_media":84252,"comment_status":"open","ping_status":"open","sticky":false,"template":"","format":"standard","meta":{"fifu_image_url":"","fifu_image_alt":"","footnotes":""},"categories":[6],"tags":[],"class_list":["post-84251","post","type-post","status-publish","format-standard","has-post-thumbnail","hentry","category-educacion"],"_links":{"self":[{"href":"https:\/\/www.interaccionnoticias.com.mx\/index.php?rest_route=\/wp\/v2\/posts\/84251","targetHints":{"allow":["GET"]}}],"collection":[{"href":"https:\/\/www.interaccionnoticias.com.mx\/index.php?rest_route=\/wp\/v2\/posts"}],"about":[{"href":"https:\/\/www.interaccionnoticias.com.mx\/index.php?rest_route=\/wp\/v2\/types\/post"}],"author":[{"embeddable":true,"href":"https:\/\/www.interaccionnoticias.com.mx\/index.php?rest_route=\/wp\/v2\/users\/14"}],"replies":[{"embeddable":true,"href":"https:\/\/www.interaccionnoticias.com.mx\/index.php?rest_route=%2Fwp%2Fv2%2Fcomments&post=84251"}],"version-history":[{"count":1,"href":"https:\/\/www.interaccionnoticias.com.mx\/index.php?rest_route=\/wp\/v2\/posts\/84251\/revisions"}],"predecessor-version":[{"id":84253,"href":"https:\/\/www.interaccionnoticias.com.mx\/index.php?rest_route=\/wp\/v2\/posts\/84251\/revisions\/84253"}],"wp:featuredmedia":[{"embeddable":true,"href":"https:\/\/www.interaccionnoticias.com.mx\/index.php?rest_route=\/wp\/v2\/media\/84252"}],"wp:attachment":[{"href":"https:\/\/www.interaccionnoticias.com.mx\/index.php?rest_route=%2Fwp%2Fv2%2Fmedia&parent=84251"}],"wp:term":[{"taxonomy":"category","embeddable":true,"href":"https:\/\/www.interaccionnoticias.com.mx\/index.php?rest_route=%2Fwp%2Fv2%2Fcategories&post=84251"},{"taxonomy":"post_tag","embeddable":true,"href":"https:\/\/www.interaccionnoticias.com.mx\/index.php?rest_route=%2Fwp%2Fv2%2Ftags&post=84251"}],"curies":[{"name":"wp","href":"https:\/\/api.w.org\/{rel}","templated":true}]}}