{"id":84222,"date":"2024-11-11T17:36:52","date_gmt":"2024-11-11T23:36:52","guid":{"rendered":"https:\/\/www.interaccionnoticias.com.mx\/?p=84222"},"modified":"2024-11-11T17:36:53","modified_gmt":"2024-11-11T23:36:53","slug":"integrantes-del-comite-de-elecciones-del-stauag-aseguran-que-operan-dentro-de-la-legalidad","status":"publish","type":"post","link":"https:\/\/www.interaccionnoticias.com.mx\/?p=84222","title":{"rendered":"Integrantes del Comit\u00e9 de Elecciones del STAUAG aseguran que operan dentro de la legalidad"},"content":{"rendered":"\n<p><strong><em>&#8212; Solo se registr\u00f3 una planilla para la renovaci\u00f3n del Comit\u00e9 del STAUAG<br>&#8212; La elecci\u00f3n ser\u00e1 el 5 de diciembre<\/em><\/strong><\/p>\n\n\n\n<p><strong>Rosario Garc\u00eda Orozco<\/strong><\/p>\n\n\n\n<p>Integrantes del Comit\u00e9 de Elecciones del Sindicato de Trabajadores Acad\u00e9micos de la Universidad Aut\u00f3noma de Guerrero (STAUAG), aseguraron que operan en el marco de la legalidad, y defendieron la legalidad de la convocatoria que emitieron para elegir a la nueva dirigencia de esa organizaci\u00f3n, luego de que el centro Federal de Conciliaci\u00f3n Laboral desconoci\u00f3 a la actual dirigencia que encabeza Ofelio Mart\u00ednez Yanez.<\/p>\n\n\n\n<p>En d\u00edas anteriores de inform\u00f3 que en el repositorio de informaci\u00f3n del registro laboral no existe antecedente de registro del Sindicato de Trabajadores Acad\u00e9micos de la Universidad Aut\u00f3noma de Guerrero, en virtud de que la dirigencia sindical no cumpli\u00f3 con los requisitos para tener un registro formal como asociaci\u00f3n sindical, y tampoco realiz\u00f3 el proceso de elecci\u00f3n de su dirigencia mediante voto universal y secreto de sus agremiados.<\/p>\n\n\n\n<p>Marcia de la O Vargas y Santos Rebolledo Soberanis, presidenta y secretario del Comit\u00e9 de Elecciones explicaron que antes de emitir emitir la convocatoria realizaron tres asambleas en las que participaron m\u00e1s del 70 por ciento de los dos mil 500 agremiados que tienen a salvo su derecho a votar en el sindicato.<\/p>\n\n\n\n<p>Explicaron que las asambleas fueron regionales debido a que no hubo condiciones para hacer una asamblea estatal por que no hab\u00eda un ligar suficientemente grande para reunir a todos los agremiados y en las plataformas digitales no se cuenta con espacio para que participen m\u00e1s de mil integrantes, por lo que se decidi\u00f3 que fueran tres asambleas en las que se validara la instalaci\u00f3n de la comisi\u00f3n electoral.<\/p>\n\n\n\n<p>Enfatizaron que para llevar a cabo el proceso est\u00e1n asesorados por el Centro de Justicia Laboral y est\u00e1n haciendo las cosas en base a la nueva ley laboral, por lo que dicha Comisi\u00f3n opera en el marco de la legalidad.<\/p>\n\n\n\n<p>Sostuvieron que no fueron elegidos o designados por la anterior dirigencia, misma que fue desconocida por el tribunal laboral, sino por asambleas en las que participaron m\u00e1s del 70 pro ciento de los agremiados.<\/p>\n\n\n\n<p>Marcia de la O coment\u00f3 que la elecci\u00f3n de la nueva dirigencia sindical se realizar\u00e1 el 5 de diciembre y que est\u00e1n en espera de que el centro de justicia laboral les valide la instalaci\u00f3n de las casillas electorales, que se asigne a los funcionarios de casilla y que se les capacite para llevar a cabo el proceso de elecci\u00f3n.<\/p>\n\n\n\n<p>De acuerdo con los integrantes de la Comisi\u00f3n de Elecciones del Stauag, solo se registr\u00f3 una planilla y ser\u00e1 el 5 de diciembre cuando se lleve a cabo la elecci\u00f3n de los nuevos dirigentes de ese sindicato universitario.<\/p>\n","protected":false},"excerpt":{"rendered":"<p>&#8212; Solo se registr\u00f3 una planilla para la renovaci\u00f3n del Comit\u00e9 del STAUAG&#8212; La elecci\u00f3n ser\u00e1 el 5 de diciembre Rosario Garc\u00eda Orozco Integrantes del Comit\u00e9 de Elecciones del Sindicato&hellip; <\/p>\n","protected":false},"author":14,"featured_media":84223,"comment_status":"open","ping_status":"open","sticky":false,"template":"","format":"standard","meta":{"fifu_image_url":"","fifu_image_alt":"","footnotes":""},"categories":[30],"tags":[],"class_list":["post-84222","post","type-post","status-publish","format-standard","has-post-thumbnail","hentry","category-universidad"],"_links":{"self":[{"href":"https:\/\/www.interaccionnoticias.com.mx\/index.php?rest_route=\/wp\/v2\/posts\/84222","targetHints":{"allow":["GET"]}}],"collection":[{"href":"https:\/\/www.interaccionnoticias.com.mx\/index.php?rest_route=\/wp\/v2\/posts"}],"about":[{"href":"https:\/\/www.interaccionnoticias.com.mx\/index.php?rest_route=\/wp\/v2\/types\/post"}],"author":[{"embeddable":true,"href":"https:\/\/www.interaccionnoticias.com.mx\/index.php?rest_route=\/wp\/v2\/users\/14"}],"replies":[{"embeddable":true,"href":"https:\/\/www.interaccionnoticias.com.mx\/index.php?rest_route=%2Fwp%2Fv2%2Fcomments&post=84222"}],"version-history":[{"count":1,"href":"https:\/\/www.interaccionnoticias.com.mx\/index.php?rest_route=\/wp\/v2\/posts\/84222\/revisions"}],"predecessor-version":[{"id":84224,"href":"https:\/\/www.interaccionnoticias.com.mx\/index.php?rest_route=\/wp\/v2\/posts\/84222\/revisions\/84224"}],"wp:featuredmedia":[{"embeddable":true,"href":"https:\/\/www.interaccionnoticias.com.mx\/index.php?rest_route=\/wp\/v2\/media\/84223"}],"wp:attachment":[{"href":"https:\/\/www.interaccionnoticias.com.mx\/index.php?rest_route=%2Fwp%2Fv2%2Fmedia&parent=84222"}],"wp:term":[{"taxonomy":"category","embeddable":true,"href":"https:\/\/www.interaccionnoticias.com.mx\/index.php?rest_route=%2Fwp%2Fv2%2Fcategories&post=84222"},{"taxonomy":"post_tag","embeddable":true,"href":"https:\/\/www.interaccionnoticias.com.mx\/index.php?rest_route=%2Fwp%2Fv2%2Ftags&post=84222"}],"curies":[{"name":"wp","href":"https:\/\/api.w.org\/{rel}","templated":true}]}}