{"id":84164,"date":"2024-11-10T17:28:29","date_gmt":"2024-11-10T23:28:29","guid":{"rendered":"https:\/\/www.interaccionnoticias.com.mx\/?p=84164"},"modified":"2024-11-10T17:28:31","modified_gmt":"2024-11-10T23:28:31","slug":"felix-salgado-exige-justicia-para-los-11-comerciantes-de-chautipan","status":"publish","type":"post","link":"https:\/\/www.interaccionnoticias.com.mx\/?p=84164","title":{"rendered":"F\u00e9lix Salgado exige justicia para los 11 comerciantes de Chautipan"},"content":{"rendered":"\n<p><strong><em>&#8212; En el Senado, realizar\u00e1 un pronunciamiento contra la violencia en Guerrero<\/em><\/strong><\/p>\n\n\n\n<p><strong>Yasm\u00edn Garc\u00eda<\/strong><\/p>\n\n\n\n<p>El senador F\u00e9lix Salgado Macedonio se pronunci\u00f3 a favor de que haya justicia para las familias de los once comerciantes asesinadas de Chautipan, entre los que se encontraban cuatro menores de edad y dos mujeres.<\/p>\n\n\n\n<p>Salgado Macedonio estuvo en la inauguraci\u00f3n del edificio que alberga las oficinas estatales de MORENA, partido que lo llev\u00f3 al Senado por segunda y tercera ocasi\u00f3n.<\/p>\n\n\n\n<p>El representante popular lament\u00f3 el asesinato cometido e contra de los once comerciantes originarios de Chautipan, cuyos cuerpos fueron abandonados en la batea de una camioneta la noche del mi\u00e9rcoles de la semana pasada.<\/p>\n\n\n\n<p>\u00abSon hechos lamentables que no deben ocurrir en ning\u00fan pueblo, en ninguna regi\u00f3n, esperemos que ya esto se valla resolviendo poco a poco y claro que tiene que haber justicia\u00bb dijo el tres veces candidato a la gubernatura de la entidad.<\/p>\n\n\n\n<p>Record\u00ed que existe una instrucci\u00f3n de la presidencia de la Rep\u00fablica, que va encaminada a localizar a seis comerciantes que todav\u00eda permanecen en calidad de desaparecidos.<\/p>\n\n\n\n<p>Adelant\u00f3 adem\u00e1s, que en el Senado de la Rep\u00fablica realizar\u00e1 un pronunciamiento, encaminado a pedir que ya termine la violencia en la entidad.<\/p>\n","protected":false},"excerpt":{"rendered":"<p>&#8212; En el Senado, realizar\u00e1 un pronunciamiento contra la violencia en Guerrero Yasm\u00edn Garc\u00eda El senador F\u00e9lix Salgado Macedonio se pronunci\u00f3 a favor de que haya justicia para las familias&hellip; <\/p>\n","protected":false},"author":32,"featured_media":84165,"comment_status":"open","ping_status":"open","sticky":false,"template":"","format":"standard","meta":{"fifu_image_url":"","fifu_image_alt":"","footnotes":""},"categories":[11],"tags":[],"class_list":["post-84164","post","type-post","status-publish","format-standard","has-post-thumbnail","hentry","category-guerrero"],"_links":{"self":[{"href":"https:\/\/www.interaccionnoticias.com.mx\/index.php?rest_route=\/wp\/v2\/posts\/84164","targetHints":{"allow":["GET"]}}],"collection":[{"href":"https:\/\/www.interaccionnoticias.com.mx\/index.php?rest_route=\/wp\/v2\/posts"}],"about":[{"href":"https:\/\/www.interaccionnoticias.com.mx\/index.php?rest_route=\/wp\/v2\/types\/post"}],"author":[{"embeddable":true,"href":"https:\/\/www.interaccionnoticias.com.mx\/index.php?rest_route=\/wp\/v2\/users\/32"}],"replies":[{"embeddable":true,"href":"https:\/\/www.interaccionnoticias.com.mx\/index.php?rest_route=%2Fwp%2Fv2%2Fcomments&post=84164"}],"version-history":[{"count":1,"href":"https:\/\/www.interaccionnoticias.com.mx\/index.php?rest_route=\/wp\/v2\/posts\/84164\/revisions"}],"predecessor-version":[{"id":84166,"href":"https:\/\/www.interaccionnoticias.com.mx\/index.php?rest_route=\/wp\/v2\/posts\/84164\/revisions\/84166"}],"wp:featuredmedia":[{"embeddable":true,"href":"https:\/\/www.interaccionnoticias.com.mx\/index.php?rest_route=\/wp\/v2\/media\/84165"}],"wp:attachment":[{"href":"https:\/\/www.interaccionnoticias.com.mx\/index.php?rest_route=%2Fwp%2Fv2%2Fmedia&parent=84164"}],"wp:term":[{"taxonomy":"category","embeddable":true,"href":"https:\/\/www.interaccionnoticias.com.mx\/index.php?rest_route=%2Fwp%2Fv2%2Fcategories&post=84164"},{"taxonomy":"post_tag","embeddable":true,"href":"https:\/\/www.interaccionnoticias.com.mx\/index.php?rest_route=%2Fwp%2Fv2%2Ftags&post=84164"}],"curies":[{"name":"wp","href":"https:\/\/api.w.org\/{rel}","templated":true}]}}