{"id":8388,"date":"2017-09-22T15:15:37","date_gmt":"2017-09-22T20:15:37","guid":{"rendered":"http:\/\/www.inter-accion.com.mx\/?p=8388"},"modified":"2017-09-22T15:15:37","modified_gmt":"2017-09-22T20:15:37","slug":"padres-de-los-43-abren-la-autopista-en-solidaridad-con-los-damnificados-del-sismo","status":"publish","type":"post","link":"https:\/\/www.interaccionnoticias.com.mx\/?p=8388","title":{"rendered":"Padres de los 43 abren la Autopista, en solidaridad con los damnificados del sismo"},"content":{"rendered":"<p><br \/>\nPadres de los 43 y estudiantes de la Normal Rural de Ayotzinapa abrieron la caseta de peaje de Palo Blanco en solidaridad con los damanificados por el sismo del pasado 19 de septiembre, por lo que la declararon libre de todo tipo de cuota o cooperaci\u00f3n voluntaria.<br \/>\nLos normalistas y padres de familia agraviados por los hechos registrados en Iguala durante la noche del 26 de septiembre de 2014, llegaron a bordo de 9 autobuses a la caseta de referencia, ubicada en el tramo que va de Chilpancingo hacia el puerto de Acapulco.<br \/>\nAbrieron los m\u00f3dulos de cobro y permitieron el paso libre de los automovilistas, tampoco pidieron cooperaci\u00f3n voluntaria para impedir que los usuarios de la vialidad gastaran.<br \/>\nMelit\u00f3n Ortega Carlos, uno de los voceros del colectivo \u00abNos faltan 43\u00bb, dijo que la liberaci\u00f3n de la caseta es un acto de solidaridad, para disminuir los costos de traslado a las familias que viajan hacia los estados de Morelos, Puebla y la Ciudad de M\u00e9xico.<br \/>\nTambi\u00e9n, dijo que la liberaci\u00f3n de casetas solo es una manera de respaldar a las v\u00edctimas y sus familias, tambi\u00e9n hay brigadas que ayudan en trabajos de rescate y se instalaron tres centros de acopio de viveres, con la intenci\u00f3n de llevar ayuda humanitaria<\/p>\n","protected":false},"excerpt":{"rendered":"<p>Padres de los 43 y estudiantes de la Normal Rural de Ayotzinapa abrieron la caseta de peaje de Palo Blanco en solidaridad con los damanificados por el sismo del pasado&hellip; <\/p>\n","protected":false},"author":1,"featured_media":0,"comment_status":"closed","ping_status":"closed","sticky":false,"template":"","format":"standard","meta":{"fifu_image_url":"","fifu_image_alt":"","footnotes":""},"categories":[8,15,28],"tags":[],"class_list":["post-8388","post","type-post","status-publish","format-standard","hentry","category-featured","category-movimientos-sociales","category-sin-categoria"],"_links":{"self":[{"href":"https:\/\/www.interaccionnoticias.com.mx\/index.php?rest_route=\/wp\/v2\/posts\/8388","targetHints":{"allow":["GET"]}}],"collection":[{"href":"https:\/\/www.interaccionnoticias.com.mx\/index.php?rest_route=\/wp\/v2\/posts"}],"about":[{"href":"https:\/\/www.interaccionnoticias.com.mx\/index.php?rest_route=\/wp\/v2\/types\/post"}],"author":[{"embeddable":true,"href":"https:\/\/www.interaccionnoticias.com.mx\/index.php?rest_route=\/wp\/v2\/users\/1"}],"replies":[{"embeddable":true,"href":"https:\/\/www.interaccionnoticias.com.mx\/index.php?rest_route=%2Fwp%2Fv2%2Fcomments&post=8388"}],"version-history":[{"count":0,"href":"https:\/\/www.interaccionnoticias.com.mx\/index.php?rest_route=\/wp\/v2\/posts\/8388\/revisions"}],"wp:attachment":[{"href":"https:\/\/www.interaccionnoticias.com.mx\/index.php?rest_route=%2Fwp%2Fv2%2Fmedia&parent=8388"}],"wp:term":[{"taxonomy":"category","embeddable":true,"href":"https:\/\/www.interaccionnoticias.com.mx\/index.php?rest_route=%2Fwp%2Fv2%2Fcategories&post=8388"},{"taxonomy":"post_tag","embeddable":true,"href":"https:\/\/www.interaccionnoticias.com.mx\/index.php?rest_route=%2Fwp%2Fv2%2Ftags&post=8388"}],"curies":[{"name":"wp","href":"https:\/\/api.w.org\/{rel}","templated":true}]}}