{"id":8379,"date":"2017-09-21T23:01:03","date_gmt":"2017-09-22T04:01:03","guid":{"rendered":"http:\/\/www.inter-accion.com.mx\/?p=8379"},"modified":"2017-09-21T23:01:03","modified_gmt":"2017-09-22T04:01:03","slug":"estoy-de-acuerdo-dice-astudillo-a-la-aportacion-de-recursos-de-los-partidos-para-damnificados","status":"publish","type":"post","link":"https:\/\/www.interaccionnoticias.com.mx\/?p=8379","title":{"rendered":"\u201cEstoy de acuerdo\u201d, dice Astudillo a la aportaci\u00f3n de recursos de los partidos para damnificados"},"content":{"rendered":"<p><strong>La mayor\u00eda de los institutos pol\u00edticos guardan silencio<\/strong><br \/>\n\u201cEstoy de acuerdo\u201d, dijo el gobernador H\u00e9ctor Astudillo Flores al ser cuestionado sobre la posibilidad de que los partidos pol\u00edticos destinen parte de sus recursos para ayudar a los damnificados por el sismo de 7.1 grados en la escala de Richter.<br \/>\nTerminaba un encuentro con estudiantes de nivel licenciatura en la residencia oficial Casa Guerrero y se alistaba para viajar con destino a las zonas devastadas en la regi\u00f3n Norte de Guerrero, cuando fue cuestionado sobre el planteamiento que ha tomado cada vez m\u00e1s fuerza en todo el pa\u00eds.<br \/>\n\u201cEstoy de acuerdo\u201d, dijo cuando se le plante\u00f3 la interrogante, luego camin\u00f3 r\u00e1pidamente hacia la camioneta en que se trasladar\u00eda hacia Huitzuco de los Figueroa, en donde har\u00eda un recorrido por las escuelas da\u00f1adas por el movimiento de tierra del 19 de septiembre.<br \/>\nNo emiti\u00f3 m\u00e1s comentarios, pero la respuesta fue clara en torno al cuestionamiento que un gran n\u00famero de ciudadanos reclaman, que parte de los recursos destinados a los partidos pol\u00edticos se destinen para respaldar a los afectados por el sismo.<br \/>\nEn Guerrero, solamente el Movimiento de Regeneraci\u00f3n Nacional (Moreno) ha planteado la posibilidad de aportar recursos a las familias que han perdido parte de su patrimonio, en algunos casos a seres queridos.<br \/>\n&nbsp;<\/p>\n","protected":false},"excerpt":{"rendered":"<p>La mayor\u00eda de los institutos pol\u00edticos guardan silencio \u201cEstoy de acuerdo\u201d, dijo el gobernador H\u00e9ctor Astudillo Flores al ser cuestionado sobre la posibilidad de que los partidos pol\u00edticos destinen parte&hellip; <\/p>\n","protected":false},"author":1,"featured_media":0,"comment_status":"closed","ping_status":"closed","sticky":false,"template":"","format":"standard","meta":{"fifu_image_url":"","fifu_image_alt":"","footnotes":""},"categories":[8,11],"tags":[],"class_list":["post-8379","post","type-post","status-publish","format-standard","hentry","category-featured","category-guerrero"],"_links":{"self":[{"href":"https:\/\/www.interaccionnoticias.com.mx\/index.php?rest_route=\/wp\/v2\/posts\/8379","targetHints":{"allow":["GET"]}}],"collection":[{"href":"https:\/\/www.interaccionnoticias.com.mx\/index.php?rest_route=\/wp\/v2\/posts"}],"about":[{"href":"https:\/\/www.interaccionnoticias.com.mx\/index.php?rest_route=\/wp\/v2\/types\/post"}],"author":[{"embeddable":true,"href":"https:\/\/www.interaccionnoticias.com.mx\/index.php?rest_route=\/wp\/v2\/users\/1"}],"replies":[{"embeddable":true,"href":"https:\/\/www.interaccionnoticias.com.mx\/index.php?rest_route=%2Fwp%2Fv2%2Fcomments&post=8379"}],"version-history":[{"count":0,"href":"https:\/\/www.interaccionnoticias.com.mx\/index.php?rest_route=\/wp\/v2\/posts\/8379\/revisions"}],"wp:attachment":[{"href":"https:\/\/www.interaccionnoticias.com.mx\/index.php?rest_route=%2Fwp%2Fv2%2Fmedia&parent=8379"}],"wp:term":[{"taxonomy":"category","embeddable":true,"href":"https:\/\/www.interaccionnoticias.com.mx\/index.php?rest_route=%2Fwp%2Fv2%2Fcategories&post=8379"},{"taxonomy":"post_tag","embeddable":true,"href":"https:\/\/www.interaccionnoticias.com.mx\/index.php?rest_route=%2Fwp%2Fv2%2Ftags&post=8379"}],"curies":[{"name":"wp","href":"https:\/\/api.w.org\/{rel}","templated":true}]}}