{"id":8367,"date":"2017-09-21T21:33:45","date_gmt":"2017-09-22T02:33:45","guid":{"rendered":"http:\/\/www.inter-accion.com.mx\/?p=8367"},"modified":"2017-09-21T21:33:45","modified_gmt":"2017-09-22T02:33:45","slug":"reactivan-actividades-en-ayuntamiento-de-chilpancingo-tras-sismo-del-martes","status":"publish","type":"post","link":"https:\/\/www.interaccionnoticias.com.mx\/?p=8367","title":{"rendered":"Reactivan actividades en Ayuntamiento de Chilpancingo, tras sismo del martes"},"content":{"rendered":"<p>El alcalde de Chilpancingo, Marco Antonio Leyva Mena, declar\u00f3 reactivadas las actividades del Ayuntamiento capitalino, as\u00ed como de secretar\u00edas y \u00e1reas operativas, despu\u00e9s de realizarse revisiones a los centros de trabajo, luego del sismo del martes.<br \/>\nEl martes despu\u00e9s de la 1 de la tarde, el Sistema Sismol\u00f3gico Nacional alert\u00f3 sobre un movimiento tel\u00farico de una magnitud de 7.1 grados en la escala de Richter, con epicentro en los l\u00edmites de Puebla y Morelos.&nbsp;&nbsp;<br \/>\nEl sismo provoc\u00f3 que el gobierno del estado y municipal de Chilpancingo, suspendieran de inmediato cualquier actividad laboral en edificios p\u00fablicos, ante la incertidumbre de da\u00f1os estructurales en las construcciones.<br \/>\nPor la tarde, se registr\u00f3 desplazamiento de tierra en el fraccionamiento R\u00edo Azul, agrietamientos en la Escuela Primaria Aar\u00f3n M. Flores y en la Escuela Secundaria General Galo Sober\u00f3n y Parra, as\u00ed como en el Palacio Municipal, Museo Regional Guerrerense y en la Catedral de la Asunci\u00f3n de Mar\u00eda.<br \/>\nEl edificio que alberga las oficinas del ayuntamiento municipal, fue revisado por el Colegio de Ingenieros y Arquitectos del Estado de Guerrero, el cual, descart\u00f3 da\u00f1os estructurales en la construcci\u00f3n.<br \/>\nEl mismo colegio, desech\u00f3 la probabilidad de que hubiera da\u00f1os en la Plaza Chilpancingo, y en el puente vehicular \u201cEl Capricho\u201d que conecta a la colonia del PRI con la colonia Universal, en la zona de centros comerciales.<br \/>\nLeyva Mena, precis\u00f3 que a\u00fan continuaba atendi\u00e9ndose la situaci\u00f3n de derrumbes en la carretera que da acceso a la comunidad de R\u00edo Verde, la cual pertenece al municipio de Chilpancingo.<br \/>\n\u201cNo aprovechar estos momentos, ni utilizar esta tragedia para beneficios personales, pol\u00edticos, partidistas ni mucho menos, ni tampoco de parte de la ciudadan\u00eda, utilizar cualquier tipo de situaci\u00f3n para irse en contra de la autoridad\u201d, precis\u00f3.<br \/>\nFinalmente, puntualiz\u00f3 que en Chilpancingo el da\u00f1o no fue considerable, y por ello, no se hab\u00eda detectado un fen\u00f3meno de compras de p\u00e1nico en establecimientos, ni si quiera el desabasto de productos en las mismas, al igual que las gasolineras operaban con normalidad y sin irregularidades.<br \/>\n&nbsp;<\/p>\n","protected":false},"excerpt":{"rendered":"<p>El alcalde de Chilpancingo, Marco Antonio Leyva Mena, declar\u00f3 reactivadas las actividades del Ayuntamiento capitalino, as\u00ed como de secretar\u00edas y \u00e1reas operativas, despu\u00e9s de realizarse revisiones a los centros de&hellip; <\/p>\n","protected":false},"author":1,"featured_media":0,"comment_status":"closed","ping_status":"closed","sticky":false,"template":"","format":"standard","meta":{"fifu_image_url":"","fifu_image_alt":"","footnotes":""},"categories":[13,8],"tags":[],"class_list":["post-8367","post","type-post","status-publish","format-standard","hentry","category-capital","category-featured"],"_links":{"self":[{"href":"https:\/\/www.interaccionnoticias.com.mx\/index.php?rest_route=\/wp\/v2\/posts\/8367","targetHints":{"allow":["GET"]}}],"collection":[{"href":"https:\/\/www.interaccionnoticias.com.mx\/index.php?rest_route=\/wp\/v2\/posts"}],"about":[{"href":"https:\/\/www.interaccionnoticias.com.mx\/index.php?rest_route=\/wp\/v2\/types\/post"}],"author":[{"embeddable":true,"href":"https:\/\/www.interaccionnoticias.com.mx\/index.php?rest_route=\/wp\/v2\/users\/1"}],"replies":[{"embeddable":true,"href":"https:\/\/www.interaccionnoticias.com.mx\/index.php?rest_route=%2Fwp%2Fv2%2Fcomments&post=8367"}],"version-history":[{"count":0,"href":"https:\/\/www.interaccionnoticias.com.mx\/index.php?rest_route=\/wp\/v2\/posts\/8367\/revisions"}],"wp:attachment":[{"href":"https:\/\/www.interaccionnoticias.com.mx\/index.php?rest_route=%2Fwp%2Fv2%2Fmedia&parent=8367"}],"wp:term":[{"taxonomy":"category","embeddable":true,"href":"https:\/\/www.interaccionnoticias.com.mx\/index.php?rest_route=%2Fwp%2Fv2%2Fcategories&post=8367"},{"taxonomy":"post_tag","embeddable":true,"href":"https:\/\/www.interaccionnoticias.com.mx\/index.php?rest_route=%2Fwp%2Fv2%2Ftags&post=8367"}],"curies":[{"name":"wp","href":"https:\/\/api.w.org\/{rel}","templated":true}]}}