{"id":83620,"date":"2024-10-30T13:43:16","date_gmt":"2024-10-30T19:43:16","guid":{"rendered":"https:\/\/www.interaccionnoticias.com.mx\/?p=83620"},"modified":"2024-10-30T13:44:34","modified_gmt":"2024-10-30T19:44:34","slug":"tribunal-electoral-de-guerrero-deja-sin-efecto-toma-de-protesta-de-diputada-local-suplente","status":"publish","type":"post","link":"https:\/\/www.interaccionnoticias.com.mx\/?p=83620","title":{"rendered":"Tribunal Electoral de Guerrero deja sin efecto toma de protesta de diputada local suplente"},"content":{"rendered":"\n<p><strong><em>&#8212; Diana Bernab\u00e9 Vega debe priorizar el mandato popular, resuelven de manera un\u00e1nime los magistrados electorales<\/em><\/strong><\/p>\n\n\n\n<p><strong>Rogelio Agust\u00edn<\/strong><\/p>\n\n\n\n<p>De manera un\u00e1nime, el Tribunal Electoral del Estado de Guerrero (TEEGro) resolvi\u00f3 dejar sin efecto la toma de protesta de la diputada Diana Bernab\u00e9 Vega como suplente de la curul asignada por la v\u00eda de la representaci\u00f3n proporcional al dirigente estatal de MORENA, Jacinto Gonz\u00e1lez Varona, ya que ella fue electa por la v\u00eda de la mayor\u00eda relativa en el distrito electoral 02.<\/p>\n\n\n\n<p>La ma\u00f1ana del mi\u00e9rcoles 30 de octubre, el TEEGro sesion\u00f3 para resolver el Juicio Electoral Ciudadano n\u00famero 247, promovido por el ex regidor de Chilpancingo Juan Valenzo Villanueva.<\/p>\n\n\n\n<p>Con dicho recurso, Valenzo Villanueva impugna la toma de protesta de Bernab\u00e9 Vega como suplente en la curul que dej\u00f3 vacante Jacinto Gonz\u00e1lez Varona, quien solicit\u00f3 licencia por tiempo indefinido para estar en condiciones de mantenerse en la dirigencia estatal de MORENA.<\/p>\n\n\n\n<p>La licencia de Gonz\u00e1lez, deriva de una reforma al estatuto del partido, que proh\u00edbe a los dirigentes estatales desempe\u00f1ar cargos en la administraci\u00f3n p\u00fablica o de representaci\u00f3n popular.<\/p>\n\n\n\n<p>Los magistrados electorales declararon fundados los motivos de agravio presentados por el tambi\u00e9n dirigente de la Asociaci\u00f3n Civil Digna Ochoa, que busca dejar sin efecto la toma de protesta de Bernab\u00e9 como suplente del dirigente estatal.<\/p>\n\n\n\n<p>El conflicto deriva del hecho de que Diana Bernab\u00e9 Vega fue electa de manera simultanea como diputada local, primero en la v\u00eda de la mayor\u00eda relativa en el distrito electoral 02, pero tambi\u00e9n fue registrada como suplente de Jacinto Gonz\u00e1lez Varona, en la lista de candidatos de representaci\u00f3n proporcional, aprobada el 24 de septiembre pasado.<\/p>\n\n\n\n<p>Al aprobarse la licencia de Gonz\u00e1lez Varona, Bernab\u00e9 Vega solicit\u00f3 licencia para dejar la curul de mayor\u00eda, ganada en el distrito electoral 02 y tom\u00f3 protesta en la curul que permanec\u00eda vacante.<\/p>\n\n\n\n<p>De acuerdo con los magistrados, hay un criterio de la Sala Superior del Tribunal Electoral del Poder Judicial de la Federaci\u00f3n (TEPJF), que se\u00f1ala que se debe privilegiar el mandato popular.<\/p>\n\n\n\n<p>Ese criterio de la Sala Superior es compartido ampliamente por el TEEGro.<\/p>\n\n\n\n<p>El dictamen se\u00f1ala: \u201cSi la citada ciudadana fue elegida por los ciudadanos del distrito 02 para ser su representante ante el Congreso del Estado, es dicho encargo el que debe desempe\u00f1ar\u201d.<\/p>\n\n\n\n<p>Contin\u00faa: \u201cAnte el impedimento de Diana Bernab\u00e9 Vega de ejercer la suplencia en la diputaci\u00f3n plurinominal, se torna indebida su toma de protesta para asumir dicho cargo, en consecuencia, lo procedente conforme a derecho es dejarla sin efectos\u201d.<\/p>\n\n\n\n<p>Ante la licencia indefinida de Jacinto Gonz\u00e1lez Barona y ante el impedimento de Diana Bernab\u00e9 de ejercer la suplencia de la diputaci\u00f3n, la consecuencia es actualizar la ausencia, tanto del propietario como de la suplente en la formula.<\/p>\n\n\n\n<p>El TEEGro estableci\u00f3 que se debe agotar el procedimiento para que la diputaci\u00f3n sea ocupada y se garantice la integraci\u00f3n del Poder Legislativo, para que su funci\u00f3n no se vea disminuida o afectada.<\/p>\n\n\n\n<p>En el dictamen que se aprob\u00f3 por unanimidad, se anota que el hecho de que se declare la vacancia, debe entenderse como un actuar instrumental para que el pleno de la 64 Legislatura se encuentre debidamente integrado y funcione.<\/p>\n\n\n\n<p>Eso no implica que el propietario no pueda regresar a la curul en el momento en que lo considere pertinente-<\/p>\n","protected":false},"excerpt":{"rendered":"<p>&#8212; Diana Bernab\u00e9 Vega debe priorizar el mandato popular, resuelven de manera un\u00e1nime los magistrados electorales Rogelio Agust\u00edn De manera un\u00e1nime, el Tribunal Electoral del Estado de Guerrero (TEEGro) resolvi\u00f3&hellip; <\/p>\n","protected":false},"author":21,"featured_media":83621,"comment_status":"open","ping_status":"open","sticky":false,"template":"","format":"standard","meta":{"fifu_image_url":"","fifu_image_alt":"","footnotes":""},"categories":[17],"tags":[],"class_list":["post-83620","post","type-post","status-publish","format-standard","has-post-thumbnail","hentry","category-organos-electorales"],"_links":{"self":[{"href":"https:\/\/www.interaccionnoticias.com.mx\/index.php?rest_route=\/wp\/v2\/posts\/83620","targetHints":{"allow":["GET"]}}],"collection":[{"href":"https:\/\/www.interaccionnoticias.com.mx\/index.php?rest_route=\/wp\/v2\/posts"}],"about":[{"href":"https:\/\/www.interaccionnoticias.com.mx\/index.php?rest_route=\/wp\/v2\/types\/post"}],"author":[{"embeddable":true,"href":"https:\/\/www.interaccionnoticias.com.mx\/index.php?rest_route=\/wp\/v2\/users\/21"}],"replies":[{"embeddable":true,"href":"https:\/\/www.interaccionnoticias.com.mx\/index.php?rest_route=%2Fwp%2Fv2%2Fcomments&post=83620"}],"version-history":[{"count":2,"href":"https:\/\/www.interaccionnoticias.com.mx\/index.php?rest_route=\/wp\/v2\/posts\/83620\/revisions"}],"predecessor-version":[{"id":83624,"href":"https:\/\/www.interaccionnoticias.com.mx\/index.php?rest_route=\/wp\/v2\/posts\/83620\/revisions\/83624"}],"wp:featuredmedia":[{"embeddable":true,"href":"https:\/\/www.interaccionnoticias.com.mx\/index.php?rest_route=\/wp\/v2\/media\/83621"}],"wp:attachment":[{"href":"https:\/\/www.interaccionnoticias.com.mx\/index.php?rest_route=%2Fwp%2Fv2%2Fmedia&parent=83620"}],"wp:term":[{"taxonomy":"category","embeddable":true,"href":"https:\/\/www.interaccionnoticias.com.mx\/index.php?rest_route=%2Fwp%2Fv2%2Fcategories&post=83620"},{"taxonomy":"post_tag","embeddable":true,"href":"https:\/\/www.interaccionnoticias.com.mx\/index.php?rest_route=%2Fwp%2Fv2%2Ftags&post=83620"}],"curies":[{"name":"wp","href":"https:\/\/api.w.org\/{rel}","templated":true}]}}