{"id":83533,"date":"2024-10-28T18:29:56","date_gmt":"2024-10-29T00:29:56","guid":{"rendered":"https:\/\/www.interaccionnoticias.com.mx\/?p=83533"},"modified":"2024-10-28T18:29:58","modified_gmt":"2024-10-29T00:29:58","slug":"padres-y-madres-de-los-43-sin-fecha-para-reunion-con-la-presidenta-de-la-republica","status":"publish","type":"post","link":"https:\/\/www.interaccionnoticias.com.mx\/?p=83533","title":{"rendered":"Padres y madres de los 43, sin fecha para reuni\u00f3n con la presidenta de la Rep\u00fablica"},"content":{"rendered":"\n<p><strong><em>&#8212; Esperan que se les diga cuando habr\u00e1 condiciones para el primer encuentro<\/em><\/strong><\/p>\n\n\n\n<p><strong>Rosario Garc\u00eda Orozco<\/strong><\/p>\n\n\n\n<p>A caso dos meses de la instalaci\u00f3n del nuevo Gobierno Federal, las madres y padres de los 43 no tienen fecha para reunirse con la presidenta Claudia Sheinbaum Pardo.<\/p>\n\n\n\n<p>Melit\u00f3n Ortega, t\u00edo de Mauricio Ortega Valerio, uno de los normalista rurales desaparecidos desde la noche del 26 de septiembre de 2014 en Iguala de la independencia, destac\u00f3 que los integrantes del colectivo se encuentran a la espera de que se les indique cuando sostendr\u00e1n una reuni\u00f3n con la presidenta Sheinbaum Pardo, pues fue uno de los cmpromisos que se establecieron en reuniones durante las \u00faltimas reuniones con el ex presidente Andr\u00e9s Manuel L\u00f3pez Obrador.<\/p>\n\n\n\n<p>En las \u00faltimas reuniones estuvo la actual jefa del Ejecutivo Federal, por eso las madres y padres agraviados por los hechos registrados la noche de Iguala, esperan que se genere el espacio para dicho encuentro.<\/p>\n\n\n\n<p>\u00abSe entiende que despu\u00e9s del primer encuentro, antes de la toma de protesta, ya hab\u00eda un compromiso que una vez estando en el poder se dar\u00eda; nosotros, hasta el d\u00eda de hoy no hemos sido notificados, no hay anuncio o informaci\u00f3n sobre el encuentro\u00bb, anot\u00f3 el vocero del colectivo.<\/p>\n\n\n\n<p>Coment\u00f3 que se encuentran listos para presentar una propuesta de mecanismo de trabajo, con la intenci\u00f3n de continuar el proceso de investigaci\u00f3n en caminado a dar con el paradero de los estudiantes desaparecidos.<\/p>\n\n\n\n<p>Derivado de la ausencia de comunicaci\u00f3n, dijo que hay en los padres de familias des\u00e1nimo, porque esperaban que el caso tuviera un car\u00e1cter prioritario para el nuevo gobierno.<\/p>\n\n\n\n<p>Indic\u00f3: \u00abpor el momento hablar de alguna esperanza es muy dificil, porque la administraci\u00f3n federal viene comenzando, y primero deben retomarse el di\u00e1logo\u201d.<\/p>\n\n\n\n<p>Reconocio que la administraci\u00f3n del ex presidente L\u00f3pez Obrador dej\u00f3 el caso a medias, ya que no hubo disposici\u00f3n para avanzar cuando las investigaciones apuntaban hacia personal del Ej\u00e9rcito Mexicano en los ataques cometidos contra los normalistas rurales.<\/p>\n\n\n\n<p>Sostuvo que personal del 27 Batallon de Infanter\u00eda tuvo informaci\u00f3n precisa y espec\u00edfica sobre los ataques, el traslado y la ubicaci\u00f3n de los j\u00f3venes desde el momento en que llegaron a Iguala, pero no lo quieren admitir y eso evita que las invstigaciones avancen.<\/p>\n\n\n\n<p>Por esa raz\u00f3n consider\u00f3 importante generar el espacio para dialogar con la presidente y plantearle que se avance en dicha ruta.<\/p>\n","protected":false},"excerpt":{"rendered":"<p>&#8212; Esperan que se les diga cuando habr\u00e1 condiciones para el primer encuentro Rosario Garc\u00eda Orozco A caso dos meses de la instalaci\u00f3n del nuevo Gobierno Federal, las madres y&hellip; <\/p>\n","protected":false},"author":14,"featured_media":83534,"comment_status":"open","ping_status":"open","sticky":false,"template":"","format":"standard","meta":{"fifu_image_url":"","fifu_image_alt":"","footnotes":""},"categories":[15],"tags":[],"class_list":["post-83533","post","type-post","status-publish","format-standard","has-post-thumbnail","hentry","category-movimientos-sociales"],"_links":{"self":[{"href":"https:\/\/www.interaccionnoticias.com.mx\/index.php?rest_route=\/wp\/v2\/posts\/83533","targetHints":{"allow":["GET"]}}],"collection":[{"href":"https:\/\/www.interaccionnoticias.com.mx\/index.php?rest_route=\/wp\/v2\/posts"}],"about":[{"href":"https:\/\/www.interaccionnoticias.com.mx\/index.php?rest_route=\/wp\/v2\/types\/post"}],"author":[{"embeddable":true,"href":"https:\/\/www.interaccionnoticias.com.mx\/index.php?rest_route=\/wp\/v2\/users\/14"}],"replies":[{"embeddable":true,"href":"https:\/\/www.interaccionnoticias.com.mx\/index.php?rest_route=%2Fwp%2Fv2%2Fcomments&post=83533"}],"version-history":[{"count":1,"href":"https:\/\/www.interaccionnoticias.com.mx\/index.php?rest_route=\/wp\/v2\/posts\/83533\/revisions"}],"predecessor-version":[{"id":83535,"href":"https:\/\/www.interaccionnoticias.com.mx\/index.php?rest_route=\/wp\/v2\/posts\/83533\/revisions\/83535"}],"wp:featuredmedia":[{"embeddable":true,"href":"https:\/\/www.interaccionnoticias.com.mx\/index.php?rest_route=\/wp\/v2\/media\/83534"}],"wp:attachment":[{"href":"https:\/\/www.interaccionnoticias.com.mx\/index.php?rest_route=%2Fwp%2Fv2%2Fmedia&parent=83533"}],"wp:term":[{"taxonomy":"category","embeddable":true,"href":"https:\/\/www.interaccionnoticias.com.mx\/index.php?rest_route=%2Fwp%2Fv2%2Fcategories&post=83533"},{"taxonomy":"post_tag","embeddable":true,"href":"https:\/\/www.interaccionnoticias.com.mx\/index.php?rest_route=%2Fwp%2Fv2%2Ftags&post=83533"}],"curies":[{"name":"wp","href":"https:\/\/api.w.org\/{rel}","templated":true}]}}