{"id":83488,"date":"2024-10-27T15:05:00","date_gmt":"2024-10-27T21:05:00","guid":{"rendered":"https:\/\/www.interaccionnoticias.com.mx\/?p=83488"},"modified":"2024-10-27T21:57:53","modified_gmt":"2024-10-28T03:57:53","slug":"ya-son-29-los-detenidos-por-la-violencia-en-tecpan","status":"publish","type":"post","link":"https:\/\/www.interaccionnoticias.com.mx\/?p=83488","title":{"rendered":"Ya son 29 los detenidos por la violencia en Tecpan"},"content":{"rendered":"\n<p><em><strong>&#8212; La tercera detenci\u00f3n se confirm\u00f3 el fin de semana<br>&#8212; Detienen a 8 integrantes del grupo conocido como \u201cLos Granados\u201d<\/strong><\/em><\/p>\n\n\n\n<p><strong>Jes\u00fas Dorantes<\/strong><\/p>\n\n\n\n<p><strong>Chilpancingo, Gro.-<\/strong> Las autoridades del Estado y Federaci\u00f3n han confirmado hasta el momento la detenci\u00f3n de 29 personas, mismas que estar\u00edan relacionadas con la violencia desatada el jueves 24 de octubre en Tecpan, municipio ubicado en la Costa Grande de Guerrero.<\/p>\n\n\n\n<p>Las \u00faltimas detenciones se confirmaron el s\u00e1bado 26 de octubre, a partir de un comunicado emitido por la Secretar\u00eda de Marina, la cu\u00e1l inform\u00f3 que tras un enfrentamiento armado, entre elementos de seguridad y civiles armados en la comunidad del Zapote, se logr\u00f3 la captura de ocho delincuentes.<\/p>\n\n\n\n<p>A los detenidos se les decomisaron armas largas, droga, cargadores, municiones y equipo t\u00e1ctico, los cuales fueron puestos a disposici\u00f3n de las autoridades correspondientes, como parte de las \u201cEstrategia de seguridad de los primeros 100 d\u00edas\u201d.<\/p>\n\n\n\n<p>Ese miso dia, la Secretar\u00eda de Seguridad P\u00fablica (SSP) confirm\u00f3 la detenci\u00f3n de otros seis individuos de origen guatemalteco, los cuales ten\u00edan en su poder balas de uso exclusivo del Ej\u00e9rcito Mexicano.<\/p>\n\n\n\n<p>Esa acci\u00f3n se sumaria a las 15 detenciones qu\u00e9 anunci\u00f3 la Fiscal\u00eda General del Estado (FGE) tras el enfrentamiento que se dio el pasado 24 de agosto en Tecpan, , de los cuales 10 son guatemaltecos, uno del El Salvador y cuatro mexicanos.<\/p>\n\n\n\n<p>Tambi\u00e9n fueron decomisados 15 artefactos explosivos, 21 armas largas, m\u00e1s de 5 mil 500 cartuchos \u00fatiles, m\u00e1s de 60 cargadores, equipo t\u00e1ctico y 17 veh\u00edculos con reporte de robo, tres de ellos con blindaje artesanal.<\/p>\n","protected":false},"excerpt":{"rendered":"<p>&#8212; La tercera detenci\u00f3n se confirm\u00f3 el fin de semana&#8212; Detienen a 8 integrantes del grupo conocido como \u201cLos Granados\u201d Jes\u00fas Dorantes Chilpancingo, Gro.- Las autoridades del Estado y Federaci\u00f3n&hellip; <\/p>\n","protected":false},"author":8,"featured_media":83489,"comment_status":"open","ping_status":"open","sticky":false,"template":"","format":"standard","meta":{"fifu_image_url":"","fifu_image_alt":"","footnotes":""},"categories":[27],"tags":[],"class_list":["post-83488","post","type-post","status-publish","format-standard","has-post-thumbnail","hentry","category-seguridad-publica"],"_links":{"self":[{"href":"https:\/\/www.interaccionnoticias.com.mx\/index.php?rest_route=\/wp\/v2\/posts\/83488","targetHints":{"allow":["GET"]}}],"collection":[{"href":"https:\/\/www.interaccionnoticias.com.mx\/index.php?rest_route=\/wp\/v2\/posts"}],"about":[{"href":"https:\/\/www.interaccionnoticias.com.mx\/index.php?rest_route=\/wp\/v2\/types\/post"}],"author":[{"embeddable":true,"href":"https:\/\/www.interaccionnoticias.com.mx\/index.php?rest_route=\/wp\/v2\/users\/8"}],"replies":[{"embeddable":true,"href":"https:\/\/www.interaccionnoticias.com.mx\/index.php?rest_route=%2Fwp%2Fv2%2Fcomments&post=83488"}],"version-history":[{"count":1,"href":"https:\/\/www.interaccionnoticias.com.mx\/index.php?rest_route=\/wp\/v2\/posts\/83488\/revisions"}],"predecessor-version":[{"id":83490,"href":"https:\/\/www.interaccionnoticias.com.mx\/index.php?rest_route=\/wp\/v2\/posts\/83488\/revisions\/83490"}],"wp:featuredmedia":[{"embeddable":true,"href":"https:\/\/www.interaccionnoticias.com.mx\/index.php?rest_route=\/wp\/v2\/media\/83489"}],"wp:attachment":[{"href":"https:\/\/www.interaccionnoticias.com.mx\/index.php?rest_route=%2Fwp%2Fv2%2Fmedia&parent=83488"}],"wp:term":[{"taxonomy":"category","embeddable":true,"href":"https:\/\/www.interaccionnoticias.com.mx\/index.php?rest_route=%2Fwp%2Fv2%2Fcategories&post=83488"},{"taxonomy":"post_tag","embeddable":true,"href":"https:\/\/www.interaccionnoticias.com.mx\/index.php?rest_route=%2Fwp%2Fv2%2Ftags&post=83488"}],"curies":[{"name":"wp","href":"https:\/\/api.w.org\/{rel}","templated":true}]}}