{"id":83480,"date":"2024-10-27T09:22:00","date_gmt":"2024-10-27T15:22:00","guid":{"rendered":"https:\/\/www.interaccionnoticias.com.mx\/?p=83480"},"modified":"2024-10-27T21:49:33","modified_gmt":"2024-10-28T03:49:33","slug":"igual-estamos-igual","status":"publish","type":"post","link":"https:\/\/www.interaccionnoticias.com.mx\/?p=83480","title":{"rendered":"Igual, estamos igual"},"content":{"rendered":"\n<p><strong>David Mart\u00ednez T\u00e9llez<\/strong><\/p>\n\n\n\n<p><strong><em>Analista pol\u00edtico, acad\u00e9mico UAGro<\/em><\/strong><\/p>\n\n\n\n<p>Continuamos enfrentados, en conflicto. De alguna manera sostenemos la violencia tanto f\u00edsica como verbal.<\/p>\n\n\n\n<p>La referencia para sostener lo anterior se devela en las posturas mostradas en redes sociales.<\/p>\n\n\n\n<p>Los que se sienten de izquierda dicen que son los de derecha quienes son el origen de la violencia. \u00c9stos \u00faltimos argumentan que el terror lo promueven quienes est\u00e1n en el poder por incapacidad o por alianza con grupos criminales.<\/p>\n\n\n\n<p>De acuerdo al silogismo simple la primera premisa contempla la palabra violencia; la segunda premisa tambi\u00e9n la menciona; por lo tanto el resultado o conclusi\u00f3n nos lleva a que la expresi\u00f3n violencia debe estar presente.<\/p>\n\n\n\n<p>Si nos introducimos en el t\u00fanel del tiempo y regresamos al pasado el escenario ser\u00eda s\u00f3lo al rev\u00e9s, pero continuar\u00eda el t\u00e9rmino violencia.<\/p>\n\n\n\n<p>Por ejemplo: la izquierda como sociedad dec\u00eda que la derecha (en el poder utilizaba la violencia) para intimidarlos; resultado hubo muchos decesos.<\/p>\n\n\n\n<p>Por eso sostengo independientemente de los conceptos izquierda o derecha, en concreto son iguales cuando se encuentran en el poder.<\/p>\n\n\n\n<p>En pol\u00edtica cuando est\u00e1s en el poder utilizas todos los m\u00e9todos o triqui\u00f1uelas para conservarlo. Estos es muy v\u00e1lido. En este mismo nivel (ocupar el poder) dejan de existir la \u00e9tica y la moral. Es mas, esos valores son postulados por quien en esos momentos ocupan la silla presidencial.<\/p>\n\n\n\n<p>Los discursos se quedan en eso, palabras. En los hechos dejan de cumplirlos. Ya he dicho lo de menos qui\u00e9n se encuentra en el poder.<\/p>\n\n\n\n<p>Escribo m\u00e1s espec\u00edfico. Los priistas y panistas dec\u00edan que eran honestos. Fueron unos ladrones. Y como conservaban el poder ellos mismos se cubr\u00edan. En la actualidad con los morenistas sucede lo mismo.<\/p>\n\n\n\n<p>Lo que m\u00e1s preocupa es que seguimos confrontados, violentos. Ya escrib\u00ed que en lo verbal y en redes sociales. Y esa violencia se mantiene en textos. Y esa violencia que realmente vivimos es otra manera de distraernos de la situaci\u00f3n complicada que empezamos a vivir en la econom\u00eda.<\/p>\n\n\n\n<p>La disyuntiva que nos est\u00e1n proponiendo es esta: quieres comer o vivir.<\/p>\n","protected":false},"excerpt":{"rendered":"<p>David Mart\u00ednez T\u00e9llez Analista pol\u00edtico, acad\u00e9mico UAGro Continuamos enfrentados, en conflicto. De alguna manera sostenemos la violencia tanto f\u00edsica como verbal. La referencia para sostener lo anterior se devela en&hellip; <\/p>\n","protected":false},"author":27,"featured_media":83376,"comment_status":"open","ping_status":"open","sticky":false,"template":"","format":"standard","meta":{"fifu_image_url":"","fifu_image_alt":"","footnotes":""},"categories":[16],"tags":[],"class_list":["post-83480","post","type-post","status-publish","format-standard","has-post-thumbnail","hentry","category-opinion"],"_links":{"self":[{"href":"https:\/\/www.interaccionnoticias.com.mx\/index.php?rest_route=\/wp\/v2\/posts\/83480","targetHints":{"allow":["GET"]}}],"collection":[{"href":"https:\/\/www.interaccionnoticias.com.mx\/index.php?rest_route=\/wp\/v2\/posts"}],"about":[{"href":"https:\/\/www.interaccionnoticias.com.mx\/index.php?rest_route=\/wp\/v2\/types\/post"}],"author":[{"embeddable":true,"href":"https:\/\/www.interaccionnoticias.com.mx\/index.php?rest_route=\/wp\/v2\/users\/27"}],"replies":[{"embeddable":true,"href":"https:\/\/www.interaccionnoticias.com.mx\/index.php?rest_route=%2Fwp%2Fv2%2Fcomments&post=83480"}],"version-history":[{"count":1,"href":"https:\/\/www.interaccionnoticias.com.mx\/index.php?rest_route=\/wp\/v2\/posts\/83480\/revisions"}],"predecessor-version":[{"id":83481,"href":"https:\/\/www.interaccionnoticias.com.mx\/index.php?rest_route=\/wp\/v2\/posts\/83480\/revisions\/83481"}],"wp:featuredmedia":[{"embeddable":true,"href":"https:\/\/www.interaccionnoticias.com.mx\/index.php?rest_route=\/wp\/v2\/media\/83376"}],"wp:attachment":[{"href":"https:\/\/www.interaccionnoticias.com.mx\/index.php?rest_route=%2Fwp%2Fv2%2Fmedia&parent=83480"}],"wp:term":[{"taxonomy":"category","embeddable":true,"href":"https:\/\/www.interaccionnoticias.com.mx\/index.php?rest_route=%2Fwp%2Fv2%2Fcategories&post=83480"},{"taxonomy":"post_tag","embeddable":true,"href":"https:\/\/www.interaccionnoticias.com.mx\/index.php?rest_route=%2Fwp%2Fv2%2Ftags&post=83480"}],"curies":[{"name":"wp","href":"https:\/\/api.w.org\/{rel}","templated":true}]}}