{"id":8345,"date":"2017-09-21T19:45:17","date_gmt":"2017-09-22T00:45:17","guid":{"rendered":"http:\/\/www.inter-accion.com.mx\/?p=8345"},"modified":"2017-09-21T19:45:17","modified_gmt":"2017-09-22T00:45:17","slug":"tension-en-tixtla-la-presa-el-molino-esta-al-97-porciento-de-su-capacidad","status":"publish","type":"post","link":"https:\/\/www.interaccionnoticias.com.mx\/?p=8345","title":{"rendered":"Tensi\u00f3n en Tixtla; la presa &quot;El Molino&quot; est\u00e1 al 97 porciento de su capacidad"},"content":{"rendered":"<p><br \/>\n<strong>Al desbordarse incrementar\u00eda el nivel de la \u201cLaguna negra\u201d o \u201cEl espejo de los Dioses\u201d <\/strong><br \/>\n<strong>Son 700 las viviendas que est\u00e1n en riesgo<\/strong><br \/>\nLa direcci\u00f3n de Protecci\u00f3n Civil de Tixtla reconoci\u00f3 que existe el riesgo de inundaci\u00f3n para 700 viviendas ubicadas en barrios y colonias de la parte baja de la cabecera municipal, ya que la presa \u201cEl Molino\u201d est\u00e1 al 97 porciento de su capacidad y con una lluvia intensa podr\u00eda desbordarse para incrementar considerablemente el nivel de la laguna, conocida como \u201cLaguna Negra\u201d o \u201cEspejo de los Dioses\u201d.<br \/>\nLa ma\u00f1ana del jueves, en diferentes redes sociales se comenzaron a difundir fotograf\u00edas de la situaci\u00f3n en la que se encuentra la presa El Molino, en las que se advert\u00eda que dicha presa estaba en riesgo de desbordarse y provocar una afectaci\u00f3n severa en dicho municipio, ubicado a 20 minutos de Chilpancingo.<br \/>\nElfego S\u00e1nchez Garc\u00eda, director de Protecci\u00f3n Civil de dicha municipalidad, reconoci\u00f3 que por el nivel que presenta la presa ya se deben generar algunas se\u00f1ales de alerta hacia la poblaci\u00f3n, sin caer en el error de generar p\u00e1nico entre los habitantes.<br \/>\nIndic\u00f3 que hasta hace tres semanas se ten\u00eda un 1.80 cent\u00edmetros de distancia para llegar al nivel que se considera como cr\u00edtico, pero hasta las 14:00 horas del jueves, debido a las \u00faltimas lluvias se estaba a 60 cent\u00edmetros de llegar al vertedero principal.<br \/>\nExplic\u00f3 que el escurrimiento del agua que se desborda por la presa baja al costado de la Normal Rural de Ayotzinapa, corre en forma paralela al barrio del Santuario y llega finalmente a la laguna.<br \/>\nEn caso de que la presa alcance su nivel m\u00e1ximo de almacenamiento, dijo que inundar\u00eda el Barrio del Santuario, el Campo Santo, la colonia Ni\u00f1os H\u00e9roes y San Antonio, en donde est\u00e1n censadas por lo menos 700 viviendas.<br \/>\nEsa es la zona que m\u00e1s afectaciones sufri\u00f3 durante la contingencia de 2013.<br \/>\nEl funcionario solicit\u00f3 a la poblaci\u00f3n permanecer atenta a los avisos de Protecci\u00f3n Civil del Estado, tener preparada la documentaci\u00f3n personal, agua, linternas y radio, por si se requiere desalojar las viviendas ubicadas en la parte baja.<br \/>\nDerivado de las afectaciones que se generaron en 2013, tras el golpe de agua provocado por el hurac\u00e1n Ingrid y la tormenta tropical Manuel, las autoridades han tomado el cuidado de desfogar la laguna paulatinamente, para evitar la inundaci\u00f3n repentina.<br \/>\nPidi\u00f3 a los habitantes de las colonias m\u00e1s vulnerables ponderar el bienestar de los integrantes de la familia, no las cosas materiales, como lamentablemente sucedi\u00f3 en 2013.<br \/>\nAnte la posibilidad de una eventual inundaci\u00f3n, Ram\u00edrez Garc\u00eda dijo que est\u00e1n listos para utilizarse los refugios temporales ubicados en el sal\u00f3n de fiestas Luis Rey, el sal\u00f3n Titanio, el auditorio municipal, el gimnasio municipal y varias escuelas localizadas en la zona, aunque los planteles educativos se utilizar\u00edan hasta el final, ya que se est\u00e1 en el inicio del a\u00f1o escolar y la intenci\u00f3n es no afectar a los alumnos.<br \/>\nPara los habitantes de Tixtla, el principal riesgo de inundaci\u00f3n es lo que se conoce como la \u201cLaguna Negra\u201d, cuerpo de agua que tambi\u00e9n fue nombrado por el escritor Ignacio Manuel Altamirano como \u201cEl espejo de los Dioses\u201d.<br \/>\nLa laguna tiene una capacidad para almacenar 3 millones de metros c\u00fabicos de agua sin representar un peligro, en estos momentos se calcula que tenga 4.5 millones de metros c\u00fabicos.<br \/>\nEn las inundaciones de 2013, se estima que dicha laguna&nbsp;alcanz\u00f3 hasta 15 millones de metros c\u00fabicos, por eso las afectaciones que gener\u00f3 entre la poblaci\u00f3n. &nbsp;<\/p>\n","protected":false},"excerpt":{"rendered":"<p>Al desbordarse incrementar\u00eda el nivel de la \u201cLaguna negra\u201d o \u201cEl espejo de los Dioses\u201d Son 700 las viviendas que est\u00e1n en riesgo La direcci\u00f3n de Protecci\u00f3n Civil de Tixtla&hellip; <\/p>\n","protected":false},"author":1,"featured_media":0,"comment_status":"closed","ping_status":"closed","sticky":false,"template":"","format":"standard","meta":{"fifu_image_url":"","fifu_image_alt":"","footnotes":""},"categories":[8,23],"tags":[],"class_list":["post-8345","post","type-post","status-publish","format-standard","hentry","category-featured","category-regionales"],"_links":{"self":[{"href":"https:\/\/www.interaccionnoticias.com.mx\/index.php?rest_route=\/wp\/v2\/posts\/8345","targetHints":{"allow":["GET"]}}],"collection":[{"href":"https:\/\/www.interaccionnoticias.com.mx\/index.php?rest_route=\/wp\/v2\/posts"}],"about":[{"href":"https:\/\/www.interaccionnoticias.com.mx\/index.php?rest_route=\/wp\/v2\/types\/post"}],"author":[{"embeddable":true,"href":"https:\/\/www.interaccionnoticias.com.mx\/index.php?rest_route=\/wp\/v2\/users\/1"}],"replies":[{"embeddable":true,"href":"https:\/\/www.interaccionnoticias.com.mx\/index.php?rest_route=%2Fwp%2Fv2%2Fcomments&post=8345"}],"version-history":[{"count":0,"href":"https:\/\/www.interaccionnoticias.com.mx\/index.php?rest_route=\/wp\/v2\/posts\/8345\/revisions"}],"wp:attachment":[{"href":"https:\/\/www.interaccionnoticias.com.mx\/index.php?rest_route=%2Fwp%2Fv2%2Fmedia&parent=8345"}],"wp:term":[{"taxonomy":"category","embeddable":true,"href":"https:\/\/www.interaccionnoticias.com.mx\/index.php?rest_route=%2Fwp%2Fv2%2Fcategories&post=8345"},{"taxonomy":"post_tag","embeddable":true,"href":"https:\/\/www.interaccionnoticias.com.mx\/index.php?rest_route=%2Fwp%2Fv2%2Ftags&post=8345"}],"curies":[{"name":"wp","href":"https:\/\/api.w.org\/{rel}","templated":true}]}}