{"id":8343,"date":"2017-09-21T19:47:28","date_gmt":"2017-09-22T00:47:28","guid":{"rendered":"http:\/\/www.inter-accion.com.mx\/?p=8343"},"modified":"2017-09-21T19:47:28","modified_gmt":"2017-09-22T00:47:28","slug":"suspenden-clases-por-cuarto-dia-en-todos-los-niveles-educativos-de-guerrero","status":"publish","type":"post","link":"https:\/\/www.interaccionnoticias.com.mx\/?p=8343","title":{"rendered":"Suspenden clases por cuarto d\u00eda en todos los niveles educativos de Guerrero"},"content":{"rendered":"<p><strong>Sigue la revisi\u00f3n de posibles da\u00f1os en los planteles<\/strong><br \/>\nLa Secretar\u00eda de Educaci\u00f3n Guerrero (SEG) suspendi\u00f3 clases en todos los planteles educativos de nivel b\u00e1sico para este viernes 22 de septiembre, la Universidad Aut\u00f3noma de Guerrero (UAGro) hizo lo propio en el nivel medio superior, superior y los postgrados.<br \/>\nLa tarde del jueves 21 de septiembre, la Secretar\u00eda de Educaci\u00f3n Guerrero (SEG) emiti\u00f3 un comunicado en el que se anota que tal y como ha sucedido desde la jornada del martes 19, las actividades escolares se suspenden para permitir que haya una valoraci\u00f3n de da\u00f1os en los m\u00e1s de 12 mil planteles educativos.<br \/>\nEn el documento se hace la recomendaci\u00f3n a los directores de las escuelas y al personal docente, estar presentes en las revisiones que realizar\u00e1 personal de Protecci\u00f3n Civil (PC), para que de primera instancia se enteren del nivel de afectaci\u00f3n.<br \/>\nUn poco m\u00e1s tarde, la Universidad Aut\u00f3noma de Guerrero (UAGro) tambi\u00e9n dio a conocer un parte informativo, en el que declara la suspensi\u00f3n de labores hasta nuevo avis\u00f3 en sus m\u00e1s de 40 preparatorias y sus unidades acad\u00e9micas de nivel superior, las cuales est\u00e1n distribuidas en las seiete regiones de la entidad.<br \/>\nEl rector de la instituci\u00f3n, Javier Salda\u00f1a Almaz\u00e1n tom\u00f3 dicha determinaci\u00f3n para que los especialistas que revisan los edificios puedan trabajar sin complicaciones.<br \/>\nEl jefe de la administraci\u00f3n central universitaria, dijo que los edificios que se encuentran en buenas condiciones en estos momentos se utilizan como centros de acopio, para reunir v\u00edveres que ser\u00e1n enviados a las ciudades m\u00e1s afectadas por el sismo del martes 19 de septiembre.<\/p>\n","protected":false},"excerpt":{"rendered":"<p>Sigue la revisi\u00f3n de posibles da\u00f1os en los planteles La Secretar\u00eda de Educaci\u00f3n Guerrero (SEG) suspendi\u00f3 clases en todos los planteles educativos de nivel b\u00e1sico para este viernes 22 de&hellip; <\/p>\n","protected":false},"author":1,"featured_media":0,"comment_status":"closed","ping_status":"closed","sticky":false,"template":"","format":"standard","meta":{"fifu_image_url":"","fifu_image_alt":"","footnotes":""},"categories":[8,23],"tags":[],"class_list":["post-8343","post","type-post","status-publish","format-standard","hentry","category-featured","category-regionales"],"_links":{"self":[{"href":"https:\/\/www.interaccionnoticias.com.mx\/index.php?rest_route=\/wp\/v2\/posts\/8343","targetHints":{"allow":["GET"]}}],"collection":[{"href":"https:\/\/www.interaccionnoticias.com.mx\/index.php?rest_route=\/wp\/v2\/posts"}],"about":[{"href":"https:\/\/www.interaccionnoticias.com.mx\/index.php?rest_route=\/wp\/v2\/types\/post"}],"author":[{"embeddable":true,"href":"https:\/\/www.interaccionnoticias.com.mx\/index.php?rest_route=\/wp\/v2\/users\/1"}],"replies":[{"embeddable":true,"href":"https:\/\/www.interaccionnoticias.com.mx\/index.php?rest_route=%2Fwp%2Fv2%2Fcomments&post=8343"}],"version-history":[{"count":0,"href":"https:\/\/www.interaccionnoticias.com.mx\/index.php?rest_route=\/wp\/v2\/posts\/8343\/revisions"}],"wp:attachment":[{"href":"https:\/\/www.interaccionnoticias.com.mx\/index.php?rest_route=%2Fwp%2Fv2%2Fmedia&parent=8343"}],"wp:term":[{"taxonomy":"category","embeddable":true,"href":"https:\/\/www.interaccionnoticias.com.mx\/index.php?rest_route=%2Fwp%2Fv2%2Fcategories&post=8343"},{"taxonomy":"post_tag","embeddable":true,"href":"https:\/\/www.interaccionnoticias.com.mx\/index.php?rest_route=%2Fwp%2Fv2%2Ftags&post=8343"}],"curies":[{"name":"wp","href":"https:\/\/api.w.org\/{rel}","templated":true}]}}