{"id":83410,"date":"2024-10-24T16:25:26","date_gmt":"2024-10-24T21:25:26","guid":{"rendered":"https:\/\/www.interaccionnoticias.com.mx\/?p=83410"},"modified":"2024-10-24T16:25:29","modified_gmt":"2024-10-24T21:25:29","slug":"cambios-en-las-cabezas-de-grupos-facticos-causa-de-la-violencia-en-tecpan-de-galeana-senala-diputado","status":"publish","type":"post","link":"https:\/\/www.interaccionnoticias.com.mx\/?p=83410","title":{"rendered":"\u201cCambios en las cabezas de grupos facticos\u201d, causa de la violencia en Tecpan de Galeana, se\u00f1ala diputado"},"content":{"rendered":"\n<p><strong><em>&#8212; Vladimir Barrera Fuerte, representante del distrito electoral 10, dijo que Tecpan es un municipio pac\u00edfico, afectado por los cambios en la estructura de grupos delictivos<\/em><\/strong><\/p>\n\n\n\n<p><strong>Yasm\u00edn Garc\u00eda<\/strong><\/p>\n\n\n\n<p>El diputado local por el distrito 10 con cabecera en Tecpan de Galeana, Vladimir Barrera Fuerte sostuvo que la violencia generada en dicho municipio deriva de los cambios que los grupos \u201cfacticos\u201d que operan en la zona tuvieron en \u00ablas cabezas\u00bb.<\/p>\n\n\n\n<p>Barrera Fuerte estuvo en la sesi\u00f3n que el pleno del Congreso sostuvo este jueves, gracias a que desde la jornada del mi\u00e9rcoles 23 de octubre se traslad\u00f3 a Chilpancingo.<\/p>\n\n\n\n<p>Su compa\u00f1era, Glafira Meraza, ex alcaldesa de San Jer\u00f3nimo no corri\u00f3 con la misma suerte, pues se qued\u00f3 varada en su municipio de origen a partir de los bloqueos carreteros impuestos por grupos de civiles armados en el corredor carretero que va de Coyuca de Ben\u00edtez hasta Tecpan.<\/p>\n\n\n\n<p>En las instalaciones del Congreso local, el diputado Barrera manifest\u00f3 que Tecpan es un municipio pacifico.<\/p>\n\n\n\n<p>\u00abLa inseguridad es un tema complejo que siempre ha existido, pero en T\u00e9cpan no hab\u00eda tema, ha sido un municipio pacifico y ah\u00ed est\u00e1n los \u00edndices\u00bb, argument\u00f3.<\/p>\n\n\n\n<p>Agreg\u00f3 que durante la madrugada de este jueves se enter\u00f3 de los enfrentamientos en Tecpan, de tal manera que pas\u00f3 el reporte a las autoridades y tambi\u00e9n se comunic\u00f3 con coordinador de su grupo parlamentario, Jes\u00fas Uri\u00f3stegui Garc\u00eda.<\/p>\n\n\n\n<p>Reconoci\u00f3 que el tema de la inseguridad es atendido por el Estado y la Federaci\u00f3n, pero indic\u00f3 que hay situaciones que son generadas por los movimientos internos de los grupos delictivos.<\/p>\n\n\n\n<p>\u00abSe est\u00e1n atendiendo los temas de Costa Chica, Costa Grande, la seguridad es un tema nacional que la presidenta Claudia Sheimbaun ha enmarcado que tenga m\u00e1s contenci\u00f3n la seguridad, el tema de los grupos ah\u00ed est\u00e1 y se tiene que atender 24 por 7\u00bb, a\u00f1adi\u00f3.<\/p>\n\n\n\n<p>Desestim\u00f3 la posibilidad de realizar un pronunciamiento en tribuna sobre el tema, como diputado local por la Costa Grande, pues entre otras cosas, dijo que para la ma\u00f1ana del mismo jueves ya se hab\u00eda reportado que las autoridades asum\u00edan el control de la zona.<\/p>\n\n\n\n<p>El representante popular respald\u00f3 el llamado de la alcaldesa Alba Soberanis Hern\u00e1ndez, que pidi\u00f3 a la poblaci\u00f3n no salir de sus viviendas hasta nuevo aviso, para evitar poner en riesgo su integridad personal.<br>\u00abClaro que la respaldamos es de nuestro partido\u00bb, dijo el legislador.<\/p>\n","protected":false},"excerpt":{"rendered":"<p>&#8212; Vladimir Barrera Fuerte, representante del distrito electoral 10, dijo que Tecpan es un municipio pac\u00edfico, afectado por los cambios en la estructura de grupos delictivos Yasm\u00edn Garc\u00eda El diputado&hellip; <\/p>\n","protected":false},"author":32,"featured_media":83411,"comment_status":"open","ping_status":"open","sticky":false,"template":"","format":"standard","meta":{"fifu_image_url":"","fifu_image_alt":"","footnotes":""},"categories":[2],"tags":[],"class_list":["post-83410","post","type-post","status-publish","format-standard","has-post-thumbnail","hentry","category-congreso"],"_links":{"self":[{"href":"https:\/\/www.interaccionnoticias.com.mx\/index.php?rest_route=\/wp\/v2\/posts\/83410","targetHints":{"allow":["GET"]}}],"collection":[{"href":"https:\/\/www.interaccionnoticias.com.mx\/index.php?rest_route=\/wp\/v2\/posts"}],"about":[{"href":"https:\/\/www.interaccionnoticias.com.mx\/index.php?rest_route=\/wp\/v2\/types\/post"}],"author":[{"embeddable":true,"href":"https:\/\/www.interaccionnoticias.com.mx\/index.php?rest_route=\/wp\/v2\/users\/32"}],"replies":[{"embeddable":true,"href":"https:\/\/www.interaccionnoticias.com.mx\/index.php?rest_route=%2Fwp%2Fv2%2Fcomments&post=83410"}],"version-history":[{"count":1,"href":"https:\/\/www.interaccionnoticias.com.mx\/index.php?rest_route=\/wp\/v2\/posts\/83410\/revisions"}],"predecessor-version":[{"id":83412,"href":"https:\/\/www.interaccionnoticias.com.mx\/index.php?rest_route=\/wp\/v2\/posts\/83410\/revisions\/83412"}],"wp:featuredmedia":[{"embeddable":true,"href":"https:\/\/www.interaccionnoticias.com.mx\/index.php?rest_route=\/wp\/v2\/media\/83411"}],"wp:attachment":[{"href":"https:\/\/www.interaccionnoticias.com.mx\/index.php?rest_route=%2Fwp%2Fv2%2Fmedia&parent=83410"}],"wp:term":[{"taxonomy":"category","embeddable":true,"href":"https:\/\/www.interaccionnoticias.com.mx\/index.php?rest_route=%2Fwp%2Fv2%2Fcategories&post=83410"},{"taxonomy":"post_tag","embeddable":true,"href":"https:\/\/www.interaccionnoticias.com.mx\/index.php?rest_route=%2Fwp%2Fv2%2Ftags&post=83410"}],"curies":[{"name":"wp","href":"https:\/\/api.w.org\/{rel}","templated":true}]}}